{"id":1261,"date":"2019-09-15T17:02:54","date_gmt":"2019-09-15T17:02:54","guid":{"rendered":"http:\/\/www.gangodvaznych.cz\/?p=1261"},"modified":"2026-03-28T19:54:51","modified_gmt":"2026-03-28T19:54:51","slug":"najdeme-v-evrope-poust-tim","status":"publish","type":"post","link":"https:\/\/www.gangodvaznych.cz\/index.php\/2019\/09\/15\/najdeme-v-evrope-poust-tim\/","title":{"rendered":"Najdeme v Evrop\u011b pou\u0161\u0165? (Tim)"},"content":{"rendered":"<p><img loading=\"lazy\" decoding=\"async\" class=\"alignnone wp-image-1265\" src=\"http:\/\/www.gangodvaznych.cz\/wp-content\/uploads\/2019\/09\/pou\u0161\u0165_Evropa_2-300x63.jpg\" alt=\"\" width=\"733\" height=\"154\" srcset=\"https:\/\/www.gangodvaznych.cz\/wp-content\/uploads\/2019\/09\/pou\u0161\u0165_Evropa_2-300x63.jpg 300w, https:\/\/www.gangodvaznych.cz\/wp-content\/uploads\/2019\/09\/pou\u0161\u0165_Evropa_2-768x161.jpg 768w, https:\/\/www.gangodvaznych.cz\/wp-content\/uploads\/2019\/09\/pou\u0161\u0165_Evropa_2-1024x215.jpg 1024w, https:\/\/www.gangodvaznych.cz\/wp-content\/uploads\/2019\/09\/pou\u0161\u0165_Evropa_2-850x178.jpg 850w, https:\/\/www.gangodvaznych.cz\/wp-content\/uploads\/2019\/09\/pou\u0161\u0165_Evropa_2.jpg 1178w\" sizes=\"auto, (max-width: 733px) 100vw, 733px\" \/><\/p>\n<p>&nbsp;<\/p>\n<p>Kdy\u017e jsem spolu\u017e\u00e1k\u016fm ve \u0161kole vypr\u00e1v\u011bl, co jsme s&nbsp;partou GO! za\u017eili na Saha\u0159e, fakt valili o\u010di. N\u011bkte\u0159\u00ed m\u011b litovali a \u0159\u00edkali, jakou jsme m\u011bli sm\u016flu, \u017ee jsme na pou\u0161ti uv\u00edzli. Jin\u00ed zase tvrdili, \u017ee jsme sp\u00ed\u0161 m\u011bli kliku, proto\u017ee jsme se u\u017e taky nemuseli vr\u00e1tit. Na n\u011bkolika k\u00e1mo\u0161\u00edch jsem ale vid\u011bl, \u017ee mi moje dobrodru\u017estv\u00ed trochu z\u00e1vid\u00ed. Ne ka\u017ed\u00e9ho pr\u00fd rodi\u010de vezmou na pr\u00e1zdniny do Afriky, aby si mohl ud\u011blat v\u00fdlet na pou\u0161\u0165.<\/p>\n<p>Doma jsem pak o tom p\u0159em\u00fd\u0161lel. Pou\u0161t\u011b jsou v&nbsp;Africe, Asii, Americe, Austr\u00e1lii, ledov\u00e9 pou\u0161t\u011b najdeme v&nbsp;Antarktid\u011b i Arktid\u011b. Ale co Evropa? Nena\u0161la by se i tady n\u011bjak\u00e1 pou\u0161\u0165? Aspo\u0148 mal\u00e1 pou\u0161ti\u010dka\u2026<\/p>\n<p>Nakonec jsem na\u0161el informace, \u017ee v&nbsp;Evrop\u011b existuje m\u00edsto, o kter\u00e9m se p\u00ed\u0161e jako o jedin\u00e9 evropsk\u00e9 pou\u0161ti. Legra\u010dn\u00ed na tom je, \u017ee t\u011bch takzvan\u011b jedin\u00fdch evropsk\u00fdch pou\u0161t\u00ed je hned n\u011bkolik. \u017d\u00e1dnou Saharu ne\u010dekejte, ale za n\u00e1v\u0161t\u011bvu ta m\u00edsta ur\u010dit\u011b stoj\u00ed. S\u00e1m m\u00e1m v&nbsp;pl\u00e1nu part\u011b navrhnout, abychom tam n\u011bkdy taky vyrazili.<\/p>\n<p>&nbsp;<\/p>\n<p><strong><img loading=\"lazy\" decoding=\"async\" class=\" wp-image-5568 alignleft\" src=\"http:\/\/www.gangodvaznych.cz\/wp-content\/uploads\/2019\/09\/poust-Ryn-v-Kazachstanu-300x200.jpg\" alt=\"\" width=\"341\" height=\"227\" srcset=\"https:\/\/www.gangodvaznych.cz\/wp-content\/uploads\/2019\/09\/poust-Ryn-v-Kazachstanu-300x200.jpg 300w, https:\/\/www.gangodvaznych.cz\/wp-content\/uploads\/2019\/09\/poust-Ryn-v-Kazachstanu-1024x683.jpg 1024w, https:\/\/www.gangodvaznych.cz\/wp-content\/uploads\/2019\/09\/poust-Ryn-v-Kazachstanu-768x512.jpg 768w, https:\/\/www.gangodvaznych.cz\/wp-content\/uploads\/2019\/09\/poust-Ryn-v-Kazachstanu-850x567.jpg 850w, https:\/\/www.gangodvaznych.cz\/wp-content\/uploads\/2019\/09\/poust-Ryn-v-Kazachstanu.jpg 1536w\" sizes=\"auto, (max-width: 341px) 100vw, 341px\" \/>Pou\u0161\u0165 Ryn<\/strong><\/p>\n<p>P\u00edse\u010dn\u00e1 pou\u0161\u0165 Ryn se nach\u00e1z\u00ed v&nbsp;evropsk\u00e9 \u010d\u00e1sti Kazachst\u00e1nu, mezi \u0159ekami Volhou a Uralem, na sam\u00e9 hranici s Asi\u00ed. Ji\u017en\u011b od pou\u0161t\u011b Ryn le\u017e\u00ed vysychaj\u00edc\u00ed Kaspick\u00e9 jezero. Podle mno\u017estv\u00ed sr\u00e1\u017eek je pou\u0161\u0165 Ryn nejsu\u0161\u0161\u00ed m\u00edsto Evropy. Za cel\u00fd rok tu spadne asi jen 170 mm sr\u00e1\u017eek.<\/p>\n<p>&nbsp;<\/p>\n<p>&nbsp;<\/p>\n<p><strong><img loading=\"lazy\" decoding=\"async\" class=\" wp-image-5335 alignright\" src=\"http:\/\/www.gangodvaznych.cz\/wp-content\/uploads\/2019\/09\/Bardena-Blanca-300x200.jpg\" alt=\"\" width=\"412\" height=\"274\" srcset=\"https:\/\/www.gangodvaznych.cz\/wp-content\/uploads\/2019\/09\/Bardena-Blanca-300x200.jpg 300w, https:\/\/www.gangodvaznych.cz\/wp-content\/uploads\/2019\/09\/Bardena-Blanca-1024x683.jpg 1024w, https:\/\/www.gangodvaznych.cz\/wp-content\/uploads\/2019\/09\/Bardena-Blanca-768x512.jpg 768w, https:\/\/www.gangodvaznych.cz\/wp-content\/uploads\/2019\/09\/Bardena-Blanca-850x567.jpg 850w, https:\/\/www.gangodvaznych.cz\/wp-content\/uploads\/2019\/09\/Bardena-Blanca.jpg 1536w\" sizes=\"auto, (max-width: 412px) 100vw, 412px\" \/>Pou\u0161\u0165 Bardenas Reales<\/strong><\/p>\n<p>Najdeme ji ve vnitrozem\u00ed \u0160pan\u011blska, v&nbsp;podh\u016f\u0159\u00ed Pyrenej\u00ed. Je tvo\u0159en\u00e1 zv\u011btral\u00fdm p\u00edskovcem a j\u00edlem. Zelen\u011b tu moc nenajdete. Okruh pou\u0161t\u00ed m\u011b\u0159\u00ed asi 30 km. N\u011bkte\u0159\u00ed ho absolvuj\u00ed na kole. Nejzn\u00e1m\u011bj\u0161\u00edm m\u00edstem je tu skaln\u00ed \u00fatvar Bardena Blanca.<\/p>\n<p>&nbsp;<\/p>\n<p>&nbsp;<\/p>\n<p><strong><img loading=\"lazy\" decoding=\"async\" class=\" wp-image-5569 alignleft\" src=\"http:\/\/www.gangodvaznych.cz\/wp-content\/uploads\/2019\/09\/poust-Tabernas-v-Andalusii-300x200.jpg\" alt=\"\" width=\"355\" height=\"236\" srcset=\"https:\/\/www.gangodvaznych.cz\/wp-content\/uploads\/2019\/09\/poust-Tabernas-v-Andalusii-300x200.jpg 300w, https:\/\/www.gangodvaznych.cz\/wp-content\/uploads\/2019\/09\/poust-Tabernas-v-Andalusii-1024x683.jpg 1024w, https:\/\/www.gangodvaznych.cz\/wp-content\/uploads\/2019\/09\/poust-Tabernas-v-Andalusii-768x512.jpg 768w, https:\/\/www.gangodvaznych.cz\/wp-content\/uploads\/2019\/09\/poust-Tabernas-v-Andalusii-850x567.jpg 850w, https:\/\/www.gangodvaznych.cz\/wp-content\/uploads\/2019\/09\/poust-Tabernas-v-Andalusii.jpg 1536w\" sizes=\"auto, (max-width: 355px) 100vw, 355px\" \/>Pou\u0161\u0165 Tabernas<\/strong><\/p>\n<p>Le\u017e\u00ed na jihu \u0160pan\u011blska, v Andalusii. Je to such\u00e1 rozeklan\u00e1 krajina bez potok\u016f a \u0159ek a t\u00e9m\u011b\u0159 bez vegetace. Tu a tam roste trs tr\u00e1vy nebo ke\u0159\u00edk. Jedna palma v okruhu n\u011bkolika stovek metr\u016f je skoro z\u00e1zrak. Cel\u00e1 oblast je p\u0159\u00edrodn\u00ed rezervac\u00ed. Zdej\u0161\u00ed krajina se natolik podob\u00e1 arizonsk\u00e9 pou\u0161ti, \u017ee se tu nat\u00e1\u010dely westerny, t\u0159eba film Tenkr\u00e1t na Z\u00e1pad\u011b.<\/p>\n<p>&nbsp;<\/p>\n<p>&nbsp;<\/p>\n<p><strong><img loading=\"lazy\" decoding=\"async\" class=\" wp-image-5570 alignright\" src=\"http:\/\/www.gangodvaznych.cz\/wp-content\/uploads\/2019\/09\/Bledowska-poust-na-jihu-Polska-300x200.jpg\" alt=\"\" width=\"394\" height=\"262\" srcset=\"https:\/\/www.gangodvaznych.cz\/wp-content\/uploads\/2019\/09\/Bledowska-poust-na-jihu-Polska-300x200.jpg 300w, https:\/\/www.gangodvaznych.cz\/wp-content\/uploads\/2019\/09\/Bledowska-poust-na-jihu-Polska-1024x683.jpg 1024w, https:\/\/www.gangodvaznych.cz\/wp-content\/uploads\/2019\/09\/Bledowska-poust-na-jihu-Polska-768x512.jpg 768w, https:\/\/www.gangodvaznych.cz\/wp-content\/uploads\/2019\/09\/Bledowska-poust-na-jihu-Polska-850x567.jpg 850w, https:\/\/www.gangodvaznych.cz\/wp-content\/uploads\/2019\/09\/Bledowska-poust-na-jihu-Polska.jpg 1536w\" sizes=\"auto, (max-width: 394px) 100vw, 394px\" \/>B\u0142\u0119dowsk\u00e1 pou\u0161\u0165&nbsp;<\/strong><\/p>\n<p>Do t\u00e9hle pou\u0161t\u011b se asi dostaneme nejsn\u00e1z. Le\u017e\u00ed toti\u017e na jihu Polska, asi 150 km od hranic s&nbsp;\u010ceskou republikou. B\u0142\u0119dowsk\u00e1 pou\u0161\u0165&nbsp;je antropogenn\u00edho p\u016fvodu. To znamen\u00e1, \u017ee vznikla um\u011ble lidsk\u00fdm z\u00e1sahem, a sice vyk\u00e1cen\u00edm les\u016f ve st\u0159edov\u011bku a vy\u010derp\u00e1n\u00edm z\u00e1sob podzemn\u00ed vody kv\u016fli t\u011b\u017eb\u011b nerost\u016f. P\u00edse\u010dn\u00e9 duny pokr\u00fdvaly plochu 150 km\u00b2. Oblast slou\u017eila jako vojensk\u00e9 cvi\u010di\u0161t\u011b, ale to\u010dily se tu i filmy, nap\u0159\u00edklad Faraon. V\u00fdsadbou borovic se pou\u0161\u0165 zmen\u0161ila na 33&nbsp;km\u00b2, ale st\u00e1le je to nejv\u011bt\u0161\u00ed souvisl\u00e1 p\u00edse\u010dn\u00e1 pou\u0161\u0165 ve st\u0159edn\u00ed Evrop\u011b. P\u00edsek tu sah\u00e1 do hloubky 40 \u2013 70 metr\u016f. M\u016f\u017eete tu za\u017e\u00edt p\u00edse\u010dnou bou\u0159i i fatu morg\u00e1nu.<\/p>\n<p>&nbsp;<\/p>\n<p>Tak\u017ee vzh\u016fru za pou\u0161tn\u00edm dobrodru\u017estv\u00edm! Jen si p\u0159ed cestou znovu p\u0159e\u010dt\u011bte n\u00e1\u0161 p\u0159\u00edb\u011bh, a\u0165 nebojujete o \u017eivot jako my.<\/p>\n<p>A je\u0161t\u011b m\u011b d\u00edky polsk\u00e9 pou\u0161ti napad\u00e1 jedna v\u011bc. Dneska se sice mus\u00edme sna\u017eit, abychom v&nbsp;Evrop\u011b n\u011bjakou aspo\u0148 malou pou\u0161\u0165 nebo n\u011bco, co ji p\u0159ipom\u00edn\u00e1, objevili. Ale taky se m\u016f\u017ee st\u00e1t, \u017ee za p\u00e1r des\u00edtek let budou pou\u0161t\u011b i v&nbsp;m\u00edstech, kde bychom je dneska v\u016fbec ne\u010dekali. Kdy\u017e lidi dok\u00e1zali ud\u011blat pou\u0161\u0165 z&nbsp;krajiny ve st\u0159edov\u011bku, zvl\u00e1dli by to dneska levou zadn\u00ed. Jen\u017ee j\u00e1 mysl\u00edm, \u017ee nen\u00ed o co st\u00e1t. Zajet si na pou\u0161\u0165 na v\u00fdlet, to jo! Ale v&nbsp;zemi, kde nic neroste a \u010dlov\u011bk mus\u00ed \u0161et\u0159it s&nbsp;ka\u017edou kapkou vody, bych \u017e\u00edt necht\u011bl.<\/p>\n<p>&nbsp;<\/p>\n<p>&nbsp;<\/p>\n<p><em>PRAMENY:<\/em><\/p>\n<p>Lange, Harald. <em>Pou\u0161t\u011b<\/em>. Fraus, Plze\u0148 2006.<\/p>\n<p>Zvari\u010d, Roman. <em>Tabernas: Jedin\u00e1 evropsk\u00e1 pou\u0161\u0165.<\/em> In: Instinkt 7. 2. 2019. s. 74<\/p>\n<p><a href=\"https:\/\/skompasem.cz\/poust-ryn-jedina-evropska-poust\/\">https:\/\/skompasem.cz\/poust-ryn-jedina-evropska-poust\/<\/a><\/p>\n<p><a href=\"https:\/\/www.csfd.cz\/film\/550055-nejvetsi-poust-evropy\/prehled\/\">https:\/\/www.csfd.cz\/film\/550055-nejvetsi-poust-evropy\/prehled\/<\/a><\/p>\n<p><a href=\"https:\/\/www.turistika.cz\/mista\/tabernas\/detail\">https:\/\/www.turistika.cz\/mista\/tabernas\/detail<\/a><\/p>\n<p><a href=\"https:\/\/www.fischer.cz\/spanelsko\/almeria\/mista\/poust-tabernas-a-mini-hollywood\">https:\/\/www.fischer.cz\/spanelsko\/almeria\/mista\/poust-tabernas-a-mini-hollywood<\/a><\/p>\n<p><a href=\"https:\/\/cs.wikipedia.org\/wiki\/B%C5%82%C4%99dowsk%C3%A1_pou%C5%A1%C5%A5\">https:\/\/cs.wikipedia.org\/wiki\/B%C5%82%C4%99dowsk%C3%A1_pou%C5%A1%C5%A5<\/a><\/p>\n<p><a href=\"https:\/\/www.cestovinky.cz\/clanek\/nejvetsi-poust-ve-stredni-evrope-vznikla-kvuli-tezbe-stribra-olova\">https:\/\/www.cestovinky.cz\/clanek\/nejvetsi-poust-ve-stredni-evrope-vznikla-kvuli-tezbe-stribra-olova<\/a><\/p>\n<p>&nbsp;<\/p>\n<p><em>OBR\u00c1ZKY: ChatGPT.com<\/em><\/p>\n","protected":false},"excerpt":{"rendered":"<p>&nbsp; Kdy\u017e jsem spolu\u017e\u00e1k\u016fm ve \u0161kole vypr\u00e1v\u011bl, co jsme s&nbsp;partou GO! za\u017eili na Saha\u0159e, fakt valili o\u010di. N\u011bkte\u0159\u00ed m\u011b litovali a \u0159\u00edkali, jakou jsme m\u011bli sm\u016flu, \u017ee jsme na pou\u0161ti uv\u00edzli. Jin\u00ed zase tvrdili, \u017ee jsme sp\u00ed\u0161 m\u011bli kliku, proto\u017ee jsme se u\u017e taky nemuseli vr\u00e1tit. Na n\u011bkolika k\u00e1mo\u0161\u00edch jsem ale vid\u011bl, \u017ee mi moje&#8230;<\/p>\n","protected":false},"author":1,"featured_media":0,"comment_status":"closed","ping_status":"closed","sticky":false,"template":"","format":"standard","meta":{"ngg_post_thumbnail":0,"footnotes":""},"categories":[6,12],"tags":[806,145,147,118,146,143,144],"class_list":["post-1261","post","type-post","status-publish","format-standard","hentry","category-bonusy-poust","category-hrdinove-tim","tag-bardena-blanca","tag-bardenas-reales","tag-bledowska-poust","tag-poust","tag-poust-ryn","tag-pouste-evropy","tag-tabernas"],"_links":{"self":[{"href":"https:\/\/www.gangodvaznych.cz\/index.php\/wp-json\/wp\/v2\/posts\/1261","targetHints":{"allow":["GET"]}}],"collection":[{"href":"https:\/\/www.gangodvaznych.cz\/index.php\/wp-json\/wp\/v2\/posts"}],"about":[{"href":"https:\/\/www.gangodvaznych.cz\/index.php\/wp-json\/wp\/v2\/types\/post"}],"author":[{"embeddable":true,"href":"https:\/\/www.gangodvaznych.cz\/index.php\/wp-json\/wp\/v2\/users\/1"}],"replies":[{"embeddable":true,"href":"https:\/\/www.gangodvaznych.cz\/index.php\/wp-json\/wp\/v2\/comments?post=1261"}],"version-history":[{"count":11,"href":"https:\/\/www.gangodvaznych.cz\/index.php\/wp-json\/wp\/v2\/posts\/1261\/revisions"}],"predecessor-version":[{"id":5576,"href":"https:\/\/www.gangodvaznych.cz\/index.php\/wp-json\/wp\/v2\/posts\/1261\/revisions\/5576"}],"wp:attachment":[{"href":"https:\/\/www.gangodvaznych.cz\/index.php\/wp-json\/wp\/v2\/media?parent=1261"}],"wp:term":[{"taxonomy":"category","embeddable":true,"href":"https:\/\/www.gangodvaznych.cz\/index.php\/wp-json\/wp\/v2\/categories?post=1261"},{"taxonomy":"post_tag","embeddable":true,"href":"https:\/\/www.gangodvaznych.cz\/index.php\/wp-json\/wp\/v2\/tags?post=1261"}],"curies":[{"name":"wp","href":"https:\/\/api.w.org\/{rel}","templated":true}]}}