{"id":232,"date":"2019-03-24T14:51:21","date_gmt":"2019-03-24T14:51:21","guid":{"rendered":"http:\/\/www.gangodvaznych.cz\/?p=232"},"modified":"2019-03-24T14:51:21","modified_gmt":"2019-03-24T14:51:21","slug":"dopis-otci-hardy","status":"publish","type":"post","link":"https:\/\/www.gangodvaznych.cz\/index.php\/2019\/03\/24\/dopis-otci-hardy\/","title":{"rendered":"Dopis otci (Hardy)"},"content":{"rendered":"\n<p>Mil\u00fd t\u00e1to!<\/p>\n\n\n\n<p>Z\u00edtra u\u017e m\u011b pust\u00ed z&nbsp;nemocnice, tak chci vyu\u017e\u00edt\nposledn\u00ed chvilky klidu, abych Ti napsal. J\u00e1 v\u00edm, te\u010f si asi \u0159\u00edk\u00e1\u0161, co ten kluk\nblbne, kdy\u017e se vid\u00edme ka\u017ed\u00fd den. Nav\u00edc n\u00e1s \u010dek\u00e1 v\u00edc jak desetihodinov\u00fd let do\nPrahy. Za dobu, kdy mus\u00edme p\u0159elet\u011bt osm tis\u00edc kilometr\u016f, se d\u00e1 probrat spousta\nv\u011bc\u00ed. Jen\u017ee: bude u toho m\u00e1ma a pochopiteln\u011b Alfa s Betou. Mo\u017en\u00e1 i n\u011bkdo dal\u0161\u00ed\nz&nbsp;\u010desk\u00e9 skupiny.<\/p>\n\n\n\n<p>Popravd\u011b\u2026 na tomhle zas tak nez\u00e1le\u017e\u00ed. Probl\u00e9m je\njinde. Prost\u011b m\u00e1m pocit, \u017ee do o\u010d\u00ed bych Ti v\u0161echno asi nedok\u00e1zal \u0159\u00edct. Vlastn\u011b\nsi v\u016fbec nejsem jist\u00fd ani t\u00edm, \u017ee Ti tenhle mail po\u0161lu. T\u0159eba ho sma\u017eu a Ty se\nv\u016fbec nedozv\u00ed\u0161, \u017ee existoval. Ale j\u00e1 ten mail napsat mus\u00edm. Pot\u0159ebuju to.\nPot\u0159ebuju si v&nbsp;hlav\u011b srovnat, co c\u00edt\u00edm. Co se stalo, co se nestalo a pro\u010d.\nA chci to ud\u011blat d\u0159\u00edv ne\u017e z&nbsp;t\u00e9hle nemocnice, kde mi zachr\u00e1nili \u017eivot,\nodejdu.<\/p>\n\n\n\n<p>V\u00ed\u0161, v\u017edycky jsi pro m\u011b byl velk\u00fd vzor. To, jak se\nchov\u00e1\u0161, jak vypad\u00e1\u0161, co v\u0161echno zn\u00e1\u0161 a um\u00ed\u0161. Co jsi v&nbsp;\u017eivot\u011b dok\u00e1zal\u2026 Kdy\u017e\njsem byl mal\u00fd, \u0159\u00edkal jsem si, \u017ee a\u017e vyrostu, budu jako t\u00e1ta. Mo\u017en\u00e1 jsi to\nvyc\u00edtil. Nebo sis to dokonce i p\u0159\u00e1l. To nedok\u00e1\u017eu posoudit.<\/p>\n\n\n\n<p>Jen\u017ee jak jsem dor\u016fstal, za\u010dal m\u016fj obdiv k&nbsp;Tob\u011b\nb\u00fdt stresuj\u00edc\u00ed. Ve srovn\u00e1n\u00ed s&nbsp;Tebou jsem si p\u0159ipadal stra\u0161n\u011b nedokonal\u00fd.\nSlab\u00fd a hloup\u00fd. \u0160tvalo m\u011b to. Dokonce tak, \u017ee jsem T\u011b v&nbsp;t\u00e9 dob\u011b skoro a\u017e\nnen\u00e1vid\u011bl. Jako vysokou horu, na kterou nem\u00e1m nikdy \u0161anci vyl\u00e9zt. I kdy\u017e bych\ntolik cht\u011bl.<\/p>\n\n\n\n<p>Jen\u017ee pak se to zase n\u011bjak zlomilo. Za\u010dal jsi m\u011b br\u00e1t\njako par\u0165\u00e1ka. Tvrdil jsi, \u017ee na v\u0161echny t\u0159i \u017eensk\u00e9 doma nesta\u010d\u00ed\u0161. Fakt je, \u017ee\nuko\u010d\u00edrovat Alfu s&nbsp;Betou, dalo v\u017edycky zabrat. Ale j\u00e1 v\u011bt\u0161inou v\u00edm, jak na\nn\u011b. Nem\u00e1m p\u00e1ru pro\u010d, ale n\u011bjak na m\u011b daj\u00ed. Jako j\u00e1 d\u00e1m na Tebe. Jsou jenom o\nt\u0159i roky mlad\u0161\u00ed ne\u017e j\u00e1, ale odmali\u010dka to vn\u00edm\u00e1m tak, \u017ee je mus\u00edm ochra\u0148ovat.\nOb\u010das i jednu p\u0159ed druhou. Prost\u011b to m\u00e1m nastaven\u00e9, \u017ee se o n\u011b m\u00e1m starat.\nP\u0159ipad\u00e1m si n\u011bkdy jako hl\u00eddac\u00ed pes. Ale d\u011bl\u00e1m to r\u00e1d. Sem tam mi lezou na\nnervy, to bych lhal, \u017ee ne. To je snad norm\u00e1ln\u00ed, nemysl\u00ed\u0161?<\/p>\n\n\n\n<p>Proto, kdy\u017e se to p\u0159ihodilo\u2026 kdy\u017e do\u0161lo k&nbsp;t\u00e9 ne\u0161\u0165astn\u00e9\nevakuaci, v\u011bd\u011bl jsem, \u017ee mus\u00edm ud\u011blat v\u0161echno pro to, aby se holk\u00e1m nic\nnestalo. Do z\u00e1chrann\u00e9ho ostr\u016fvku jsem lezl s&nbsp;v\u011bdom\u00edm, \u017ee hlavn\u011b Beta, ale\ni Alfa budou asi vy\u0161ilovat, v\u0161ak v\u00ed\u0161, co dok\u00e1\u017eou, ale \u017ee to zvl\u00e1dneme.<\/p>\n\n\n\n<p>V\u0161echno se pak semlelo stra\u0161n\u011b rychle. Zmatek p\u0159i opou\u0161t\u011bn\u00ed\nlodi, rozbit\u00fd \u010dlun, z\u00e1chrann\u00fd ostr\u016fvek jen pro \u0161est lid\u00ed, rozbou\u0159en\u00e9 mo\u0159e,\nvysok\u00e9 vlny, tma\u2026 Najednou n\u00e1s to neslo pry\u010d a Ty\u2026 Ty jsi jen zavolal: \u201eDej na\nn\u011b pozor, Hardy. Jsi z&nbsp;nich nejstar\u0161\u00ed, spol\u00e9h\u00e1me na tebe!\u201c<\/p>\n\n\n\n<p>Ne, tati, tohle jsi mi nem\u011bl \u0159\u00edkat. B\u011bhem t\u011bch\ndlouh\u00fdch hodin na \u0161ir\u00e9m mo\u0159i jsem si tu v\u011btu mockr\u00e1t om\u00edlal. Vlastn\u011b neom\u00edlal,\nona mi zn\u011bla v&nbsp;hlav\u011b sama. Tv\u016fj hlas m\u011b chv\u00edlemi skoro paralyzoval. To, co\njsi zavolal, nebyl p\u0159\u00edkaz. To byla zoufal\u00e1 prosba. Mo\u017en\u00e1 poprv\u00e9 v&nbsp;\u017eivot\u011b\njsem v&nbsp;Tv\u00e9m hlase c\u00edtil slabost. A strach. Dokonce i pocit selh\u00e1n\u00ed. A\np\u0159itom jsi cht\u011bl, abych j\u00e1 neselhal. To byla tak obrovsk\u00e1 zodpov\u011bdnost, tak\nobrovsk\u00e1! Tati, ty ani netu\u0161\u00ed\u0161, jakou t\u00edhu jsi na m\u011b tou v\u011btou nalo\u017eil!<\/p>\n\n\n\n<p>N\u011bkolikr\u00e1t m\u011b pak napadlo, \u017ee to mo\u017en\u00e1 bylo posledn\u00ed,\ncos mi v&nbsp;\u017eivot\u011b \u0159ekl. \u017de to ned\u00e1me\u2026 \u017ee u\u017e se nikdy neuvid\u00edme. Ale p\u0159ed\nostatn\u00edmi, hlavn\u011b p\u0159ed Alfou a Betou, jsem si o tom nemohl dovolit ani ceknout.\nByly to nejt\u011b\u017e\u0161\u00ed chv\u00edle, jak\u00e9 jsem v&nbsp;\u017eivot\u011b pro\u017eil. K&nbsp;neunesen\u00ed.<\/p>\n\n\n\n<p>Na druhou stranu m\u011b ta Tvoje v\u011bta paradoxn\u011b dr\u017eela nad\nvodou. Uv\u011bdomoval jsem si, \u017ee selhat nesm\u00edm. \u017de mus\u00edm bojovat \u00fapln\u011b do\nposledn\u00edho okam\u017eiku. A pokud se nezachr\u00e1n\u00edme, nebude to moje vina. Ale ani\nTvoje, t\u00e1to. Ch\u00e1pe\u0161, co t\u00edm mysl\u00edm?<\/p>\n\n\n\n<p>Stra\u0161n\u011b moc jsem si p\u0159\u00e1l, abych Tob\u011b a m\u00e1m\u011b mohl holky\np\u0159edat \u017eiv\u00e9 a zdrav\u00e9. A vid\u00ed\u0161, nakonec v\u00e1m ony p\u0159edaly m\u011b. \u017div\u00e9ho, ale jen tak\ntak. V\u00edm, \u017ee neb\u00fdt ostatn\u00edch\u2026 No, hlavn\u011b, \u017ee n\u00e1s p\u00e1trac\u00ed letadlo na\u0161lo v\u010das.\nAle kdyby ta na\u0161e tlupa zoufal\u00fdch trose\u010dn\u00edk\u016f nedr\u017eela pohromad\u011b, mohlo b\u00fdt\nv\u0161echno jinak. Mnohem hor\u0161\u00ed.<\/p>\n\n\n\n<p>Z&nbsp;dne\u0161n\u00edho pohledu, kdy u\u017e je mi hej, jsme v\u016fbec\nnebyli tlupa zoufal\u00fdch trose\u010dn\u00edk\u016f, ale gang odv\u00e1\u017en\u00fdch, jak za\u010dala \u0159\u00edkat Mariana\na Tim se toho okam\u017eit\u011b chytil a pak i Jon\u00e1\u0161 a na\u0161e holky. V\u00ed\u0161, t\u00e1to, Alfa\ns&nbsp;Betou v\u016fbec nejsou tak slab\u00e9, boj\u00e1cn\u00e9 a nesamostatn\u00e9, jak si mo\u017en\u00e1\nmysl\u00ed\u0161. A jak jsem si i j\u00e1 a\u017e doned\u00e1vna taky myslel. P\u0159e\u017eily ztroskot\u00e1n\u00ed na\nmo\u0159i. A v\u00ed\u0161, co je zvl\u00e1\u0161tn\u00ed? Nebyly moj\u00ed p\u0159\u00edt\u011b\u017e\u00ed, ale posilou. Navzdory t\u00e9\nTvoj\u00ed v\u011bt\u011b. Nebo snad d\u00edky n\u00ed?<\/p>\n\n\n\n<div class=\"wp-block-image\"><figure class=\"alignleft is-resized\"><img loading=\"lazy\" decoding=\"async\" src=\"http:\/\/www.gangodvaznych.cz\/wp-content\/uploads\/2019\/03\/Hardy_mo\u0159e.jpg\" alt=\"\" class=\"wp-image-483\" width=\"252\" height=\"257\" srcset=\"https:\/\/www.gangodvaznych.cz\/wp-content\/uploads\/2019\/03\/Hardy_mo\u0159e.jpg 389w, https:\/\/www.gangodvaznych.cz\/wp-content\/uploads\/2019\/03\/Hardy_mo\u0159e-294x300.jpg 294w\" sizes=\"auto, (max-width: 252px) 100vw, 252px\" \/><\/figure><\/div>\n\n\n\n<p>M\u00e1m T\u011b r\u00e1d, t\u00e1to. A jsem vd\u011b\u010dn\u00fd, \u017ee ta v\u011bta nebyla\nposledn\u00ed, kterou jsi mi kdy \u0159ekl.<\/p>\n\n\n\n<p>Tenhle mail Ti nepo\u0161lu. Asi bych se trochu styd\u011bl. Ale\nani ho nesma\u017eu. Zat\u00edm. Mysl\u00edm, \u017ee si o tom jednou popov\u00edd\u00e1me z&nbsp;o\u010d\u00ed do o\u010d\u00ed.\nAle v&nbsp;letadle ne. Zn\u00e1\u0161 holky, maj\u00ed o\u010di a u\u0161i v\u0161ude. A nemus\u00ed taky v\u011bd\u011bt\nv\u0161echno, no ne?<\/p>\n\n\n\n<p>Tv\u016fj syn Hardy<\/p>\n","protected":false},"excerpt":{"rendered":"<p>Mil\u00fd t\u00e1to! Z\u00edtra u\u017e m\u011b pust\u00ed z&nbsp;nemocnice, tak chci vyu\u017e\u00edt posledn\u00ed chvilky klidu, abych Ti napsal. J\u00e1 v\u00edm, te\u010f si asi \u0159\u00edk\u00e1\u0161, co ten kluk blbne, kdy\u017e se vid\u00edme ka\u017ed\u00fd den. Nav\u00edc n\u00e1s \u010dek\u00e1 v\u00edc jak desetihodinov\u00fd let do Prahy. Za dobu, kdy mus\u00edme p\u0159elet\u011bt osm tis\u00edc kilometr\u016f, se d\u00e1 probrat spousta v\u011bc\u00ed. Jen\u017ee: bude&#8230;<\/p>\n","protected":false},"author":1,"featured_media":0,"comment_status":"closed","ping_status":"closed","sticky":false,"template":"","format":"standard","meta":{"ngg_post_thumbnail":0,"footnotes":""},"categories":[5,9],"tags":[],"class_list":["post-232","post","type-post","status-publish","format-standard","hentry","category-bonusy-more","category-hrdinove-hardy"],"_links":{"self":[{"href":"https:\/\/www.gangodvaznych.cz\/index.php\/wp-json\/wp\/v2\/posts\/232","targetHints":{"allow":["GET"]}}],"collection":[{"href":"https:\/\/www.gangodvaznych.cz\/index.php\/wp-json\/wp\/v2\/posts"}],"about":[{"href":"https:\/\/www.gangodvaznych.cz\/index.php\/wp-json\/wp\/v2\/types\/post"}],"author":[{"embeddable":true,"href":"https:\/\/www.gangodvaznych.cz\/index.php\/wp-json\/wp\/v2\/users\/1"}],"replies":[{"embeddable":true,"href":"https:\/\/www.gangodvaznych.cz\/index.php\/wp-json\/wp\/v2\/comments?post=232"}],"version-history":[{"count":5,"href":"https:\/\/www.gangodvaznych.cz\/index.php\/wp-json\/wp\/v2\/posts\/232\/revisions"}],"predecessor-version":[{"id":485,"href":"https:\/\/www.gangodvaznych.cz\/index.php\/wp-json\/wp\/v2\/posts\/232\/revisions\/485"}],"wp:attachment":[{"href":"https:\/\/www.gangodvaznych.cz\/index.php\/wp-json\/wp\/v2\/media?parent=232"}],"wp:term":[{"taxonomy":"category","embeddable":true,"href":"https:\/\/www.gangodvaznych.cz\/index.php\/wp-json\/wp\/v2\/categories?post=232"},{"taxonomy":"post_tag","embeddable":true,"href":"https:\/\/www.gangodvaznych.cz\/index.php\/wp-json\/wp\/v2\/tags?post=232"}],"curies":[{"name":"wp","href":"https:\/\/api.w.org\/{rel}","templated":true}]}}