{"id":254,"date":"2019-03-24T15:46:06","date_gmt":"2019-03-24T15:46:06","guid":{"rendered":"http:\/\/www.gangodvaznych.cz\/?p=254"},"modified":"2025-11-30T18:51:27","modified_gmt":"2025-11-30T18:51:27","slug":"historie-horske-sluzby-alfa","status":"publish","type":"post","link":"https:\/\/www.gangodvaznych.cz\/index.php\/2019\/03\/24\/historie-horske-sluzby-alfa\/","title":{"rendered":"Historie Horsk\u00e9 slu\u017eby (Alfa)"},"content":{"rendered":"\r\n<div class=\"wp-block-image\">\r\n<figure class=\"alignright is-resized\"><img loading=\"lazy\" decoding=\"async\" class=\"wp-image-386\" src=\"http:\/\/www.gangodvaznych.cz\/wp-content\/uploads\/2019\/03\/HS_\u010cR.jpg\" alt=\"\" width=\"281\" height=\"218\" srcset=\"https:\/\/www.gangodvaznych.cz\/wp-content\/uploads\/2019\/03\/HS_\u010cR.jpg 515w, https:\/\/www.gangodvaznych.cz\/wp-content\/uploads\/2019\/03\/HS_\u010cR-300x233.jpg 300w\" sizes=\"auto, (max-width: 281px) 100vw, 281px\" \/><\/figure>\r\n<\/div>\r\n\r\n\r\n\r\n<p>Kdy\u017e jsme strhli tu ne\u0161\u0165astnou lavinu, byl u n\u00e1s b\u011bhem n\u011bkolika minut dron Horsk\u00e9 slu\u017eby. A brzy na to p\u0159ijeli i z\u00e1chran\u00e1\u0159i ze z\u00e1kladny. Na\u0161t\u011bst\u00ed pro Betu i s&nbsp;lavinov\u00fdmi psy, tak\u017ee z\u00e1chrann\u00e1 akce byla opravdu bleskov\u00e1. Nikdy nep\u0159estanu d\u011bkovat Sn\u011b\u017eence, \u017ee Betu na\u0161la, a z\u00e1chran\u00e1\u0159\u016fm, \u017ee ji o\u017eivili. Zachr\u00e1nili mi dvoj\u010de. Zachr\u00e1nili t\u00edm i m\u011b. A vlastn\u011b v\u0161echny, celou rodinu i cel\u00fd Gang odv\u00e1\u017en\u00fdch. Proto\u017ee kdyby se to b\u00fdvalo nepoda\u0159ilo, tak\u2026<\/p>\r\n\r\n\r\n\r\n\r\n\r\n<p>D\u0159\u00edv byla z\u00e1chrana lid\u00ed, kte\u0159\u00ed zabloudili v&nbsp;hor\u00e1ch, nebo je zasypala lavina, mnohem obt\u00ed\u017en\u011bj\u0161\u00ed. Ne\u0161\u0165astn\u00edk\u016f, kte\u0159\u00ed v&nbsp;hor\u00e1ch umrzli, nebo se odn\u011bkud z\u0159\u00edtili, nebo prost\u011b zabloudili a zem\u0159eli vy\u010derp\u00e1n\u00edm, musej\u00ed b\u00fdt obrovsk\u00e9 z\u00e1stupy.<\/p>\r\n\r\n\r\n\r\n<p>Pravda je, \u017ee v&nbsp;d\u00e1vn\u00fdch dob\u00e1ch lidi nechodili na vrcholky hor tak \u010dasto jako dneska. V\u011bt\u0161ina z&nbsp;nich p\u0159es hory putovala po kupeck\u00fdch cest\u00e1ch nebo pa\u0161er\u00e1ck\u00fdch stezk\u00e1ch. Pak tu byli je\u0161t\u011b pastevci, d\u0159eva\u0159i, babky bylink\u00e1\u0159ky nebo hleda\u010di drahokam\u016f. Jen\u017ee ti v\u011bt\u0161inou m\u00edstn\u00ed hory dob\u0159e znali. I tak se ale st\u00e1vala ne\u0161t\u011bst\u00ed.<\/p>\r\n\r\n\r\n\r\n<p>Tim pr\u00fd na\u0161el zpr\u00e1vu o tom, jak v&nbsp;15. stolet\u00ed lavina v&nbsp;Krkono\u0161\u00edch zavalila hleda\u010de drahokam\u016f.<\/p>\r\n\r\n\r\n\r\n<p>Kdy\u017e se pak n\u011bco takov\u00e9ho stalo, pom\u00e1hal, kdo mohl, a jak um\u011bl.<\/p>\r\n\r\n\r\n\r\n<p><strong>1850 \u2013 pr\u016fvodci a nosi\u010di se znalost\u00ed prvn\u00ed pomoci<\/strong><\/p>\r\n\r\n\r\n\r\n<p>V&nbsp;roce 1850 byla ustanoveno, \u017ee pr\u00e1vo provozovat \u017eivnost pr\u016fvodc\u016f a nosi\u010d\u016f dostane jen ten, kdo prok\u00e1\u017ee znalost prvn\u00ed pomoci. To by se dalo pokl\u00e1dat za z\u00e1klad pozd\u011bj\u0161\u00ed Horsk\u00e9 slu\u017eby.<\/p>\r\n\r\n\r\n\r\n<p>L\u00e9ka\u0159i se pokou\u0161eli \u0161kolit hasi\u010de a dal\u0161\u00ed dobrovoln\u00edky z&nbsp;\u0159ad sportovc\u016f a m\u00edstn\u00edch obyvatel, aby byli schopni prov\u00e9st na hor\u00e1ch prvn\u00ed pomoc.<\/p>\r\n\r\n\r\n\r\n<p><strong>1900 \u2013 v&nbsp;Krkono\u0161\u00edch prob\u011bhla prvn\u00ed organizovan\u00e1 z\u00e1chrann\u00e1 akce<\/strong><\/p>\r\n\r\n\r\n\r\n<div class=\"wp-block-image\">\r\n<figure class=\"alignleft is-resized\"><img loading=\"lazy\" decoding=\"async\" class=\"wp-image-501\" src=\"http:\/\/www.gangodvaznych.cz\/wp-content\/uploads\/2019\/03\/HS_Polsko.jpg\" alt=\"\" width=\"117\" height=\"117\" srcset=\"https:\/\/www.gangodvaznych.cz\/wp-content\/uploads\/2019\/03\/HS_Polsko.jpg 200w, https:\/\/www.gangodvaznych.cz\/wp-content\/uploads\/2019\/03\/HS_Polsko-150x150.jpg 150w, https:\/\/www.gangodvaznych.cz\/wp-content\/uploads\/2019\/03\/HS_Polsko-100x100.jpg 100w\" sizes=\"auto, (max-width: 117px) 100vw, 117px\" \/><\/figure>\r\n<\/div>\r\n\r\n\r\n\r\n<div class=\"wp-block-image\">\r\n<figure class=\"alignright is-resized\"><img loading=\"lazy\" decoding=\"async\" class=\"wp-image-500\" src=\"http:\/\/www.gangodvaznych.cz\/wp-content\/uploads\/2019\/03\/HS_Slovensko.jpg\" alt=\"\" width=\"92\" height=\"100\"><\/figure>\r\n<\/div>\r\n\r\n\r\n\r\n<p><strong>1909 byla z\u0159\u00edzena prvn\u00ed horsk\u00e1 slu\u017eba v&nbsp;Tatr\u00e1ch<\/strong>, bylo to na polsk\u00e9 stran\u011b.<br>1913 na Slovensku.<\/p>\r\n\r\n\r\n\r\n<p>Prvn\u00ed velk\u00e1 z\u00e1chrann\u00e1 akce prob\u011bhla v&nbsp;Tatr\u00e1ch z\u0159ejm\u011b roku 1771 v&nbsp;Dolin\u011b Zelen\u00e9ho plesa, kde se ztratil zlatokop Jan Ond\u0159ej Papirus.<\/p>\r\n\r\n\r\n\r\n<p><strong>24. 3. 1913 \u2013 tragick\u00fd z\u00e1vod v Krkono\u0161\u00edch<\/strong><\/p>\r\n\r\n\r\n\r\n<p><em>(Podrobn\u011b informuje Jon\u00e1\u0161.)<\/em><\/p>\r\n\r\n\r\n\r\n<p style=\"text-align: left;\"><strong>12. 5. 1935 \u2013 zalo\u017eena Horsk\u00e1 slu\u017eba<\/strong><\/p>\r\n\r\n\r\n\r\n<p style=\"text-align: left;\">Na za\u010d\u00e1tku zimy v&nbsp;roce 1934 vznikl v&nbsp;Krkono\u0161\u00edch z\u00e1chrann\u00fd sbor, kter\u00fd m\u011bl \u0161est odd\u00edl\u016f. Po ukon\u010den\u00ed sez\u00f3ny pak byla v&nbsp;kv\u011btnu 1935 zalo\u017eena jednotn\u00e1 organizace Horsk\u00e1 slu\u017eba<\/p>\r\n\r\n\r\n\r\n<p style=\"text-align: left;\">Za 2. sv\u011btov\u00e9 v\u00e1lky organizace nefungovala, k&nbsp;jej\u00edmu obnoven\u00ed do\u0161lo v&nbsp;z\u00e1\u0159\u00ed 1945.<\/p>\r\n\r\n\r\n\r\n<p style=\"text-align: left;\">Postupn\u011b vznikaly z\u00e1chran\u00e1\u0159sk\u00e9 spolky i v&nbsp;dal\u0161\u00edch oblastech.<\/p>\r\n\r\n\r\n\r\n<ul>\r\n<li style=\"text-align: left;\">1945&nbsp; Krkono\u0161e<\/li>\r\n<\/ul>\r\n\r\n\r\n\r\n<ul>\r\n<li style=\"text-align: left;\">1948&nbsp; Jesen\u00edky a \u0160umava<\/li>\r\n<\/ul>\r\n\r\n\r\n\r\n<ul>\r\n<li style=\"text-align: left;\">1949&nbsp; Orlick\u00e9 hory<\/li>\r\n<\/ul>\r\n\r\n\r\n\r\n<ul>\r\n<li style=\"text-align: left;\">1951&nbsp; Beskydy<\/li>\r\n<\/ul>\r\n\r\n\r\n\r\n<ul>\r\n<li style=\"text-align: left;\">1954&nbsp; Jizersk\u00e9 hory<\/li>\r\n<\/ul>\r\n\r\n\r\n\r\n<ul>\r\n<li style=\"text-align: left;\">1955&nbsp; Kru\u0161n\u00e9 hory<\/li>\r\n<\/ul>\r\n<p style=\"text-align: left;\">&nbsp;<\/p>\r\n<p><img loading=\"lazy\" decoding=\"async\" class=\"alignnone  wp-image-5288\" src=\"http:\/\/www.gangodvaznych.cz\/wp-content\/uploads\/2019\/03\/Horska-sluzba-zasahuje-300x200.jpg\" alt=\"\" width=\"788\" height=\"525\" srcset=\"https:\/\/www.gangodvaznych.cz\/wp-content\/uploads\/2019\/03\/Horska-sluzba-zasahuje-300x200.jpg 300w, https:\/\/www.gangodvaznych.cz\/wp-content\/uploads\/2019\/03\/Horska-sluzba-zasahuje-1024x683.jpg 1024w, https:\/\/www.gangodvaznych.cz\/wp-content\/uploads\/2019\/03\/Horska-sluzba-zasahuje-768x512.jpg 768w, https:\/\/www.gangodvaznych.cz\/wp-content\/uploads\/2019\/03\/Horska-sluzba-zasahuje-850x567.jpg 850w, https:\/\/www.gangodvaznych.cz\/wp-content\/uploads\/2019\/03\/Horska-sluzba-zasahuje.jpg 1536w\" sizes=\"auto, (max-width: 788px) 100vw, 788px\" \/><\/p>\r\n<p>Dnes maj\u00ed hor\u0161t\u00ed z\u00e1chran\u00e1\u0159i modern\u00ed technick\u00e9 vybaven\u00ed. Ale kdy\u017e po\u010das\u00ed nedovol\u00ed vrtuln\u00edk\u016fm vzl\u00e9tnout, m\u016f\u017ee b\u00fdt z\u00e1chrana lid\u00ed, kte\u0159\u00ed se ocitli v ohro\u017een\u00ed, velmi obt\u00ed\u017en\u00e1.<\/p>\r\n<p>&nbsp;<\/p>\r\n<p>&nbsp;<\/p>\r\n\r\n\r\n\r\n<p><em>PRAMENY:<\/em><\/p>\r\n\r\n\r\n\r\n<figure class=\"wp-block-embed\">\r\n<div class=\"wp-block-embed__wrapper\"><a href=\"https:\/\/www.horskasluzba.cz\/cz\/horska-sluzba\/historie\">https:\/\/www.horskasluzba.cz\/cz\/horska-sluzba\/historie<\/a><\/div>\r\n<\/figure>\r\n\r\n\r\n\r\n<figure class=\"wp-block-embed\">\r\n<div class=\"wp-block-embed__wrapper\"><a href=\"http:\/\/www.ceskatelevize.cz\/ct24\/regiony\/1459619-hanc-a-vrbata-zahynuli-hrdina-emerich-rath-upadl-v-zapomneni\">http:\/\/www.ceskatelevize.cz\/ct24\/regiony\/1459619-hanc-a-vrbata-zahynuli-hrdina-emerich-rath-upadl-v-zapomneni<\/a><\/div>\r\n<\/figure>\r\n\r\n\r\n\r\n<figure class=\"wp-block-embed\">\r\n<div class=\"wp-block-embed__wrapper\"><a href=\"http:\/\/www.tatry.cz\/cs\/horska-sluzba\">http:\/\/www.tatry.cz\/cs\/horska-sluzba<\/a><\/div>\r\n<div>&nbsp;<\/div>\r\n<\/figure>\r\n\r\n\r\n\r\n<p><em>ZDROJ OBR\u00c1ZK\u016e: ChatGPT.com<\/em><\/p>\r\n","protected":false},"excerpt":{"rendered":"<p>Kdy\u017e jsme strhli tu ne\u0161\u0165astnou lavinu, byl u n\u00e1s b\u011bhem n\u011bkolika minut dron Horsk\u00e9 slu\u017eby. A brzy na to p\u0159ijeli i z\u00e1chran\u00e1\u0159i ze z\u00e1kladny. Na\u0161t\u011bst\u00ed pro Betu i s&nbsp;lavinov\u00fdmi psy, tak\u017ee z\u00e1chrann\u00e1 akce byla opravdu bleskov\u00e1. Nikdy nep\u0159estanu d\u011bkovat Sn\u011b\u017eence, \u017ee Betu na\u0161la, a z\u00e1chran\u00e1\u0159\u016fm, \u017ee ji o\u017eivili. Zachr\u00e1nili mi dvoj\u010de. Zachr\u00e1nili t\u00edm i m\u011b&#8230;.<\/p>\n","protected":false},"author":1,"featured_media":0,"comment_status":"closed","ping_status":"closed","sticky":false,"template":"","format":"standard","meta":{"ngg_post_thumbnail":0,"footnotes":""},"categories":[4,7],"tags":[47,46,488,173],"class_list":["post-254","post","type-post","status-publish","format-standard","hentry","category-bonusy-hory","category-hrdinove-alfa","tag-historie-horske-sluzby","tag-horska-sluzba","tag-vrtulnik","tag-zachrana-v-horach"],"_links":{"self":[{"href":"https:\/\/www.gangodvaznych.cz\/index.php\/wp-json\/wp\/v2\/posts\/254","targetHints":{"allow":["GET"]}}],"collection":[{"href":"https:\/\/www.gangodvaznych.cz\/index.php\/wp-json\/wp\/v2\/posts"}],"about":[{"href":"https:\/\/www.gangodvaznych.cz\/index.php\/wp-json\/wp\/v2\/types\/post"}],"author":[{"embeddable":true,"href":"https:\/\/www.gangodvaznych.cz\/index.php\/wp-json\/wp\/v2\/users\/1"}],"replies":[{"embeddable":true,"href":"https:\/\/www.gangodvaznych.cz\/index.php\/wp-json\/wp\/v2\/comments?post=254"}],"version-history":[{"count":15,"href":"https:\/\/www.gangodvaznych.cz\/index.php\/wp-json\/wp\/v2\/posts\/254\/revisions"}],"predecessor-version":[{"id":5294,"href":"https:\/\/www.gangodvaznych.cz\/index.php\/wp-json\/wp\/v2\/posts\/254\/revisions\/5294"}],"wp:attachment":[{"href":"https:\/\/www.gangodvaznych.cz\/index.php\/wp-json\/wp\/v2\/media?parent=254"}],"wp:term":[{"taxonomy":"category","embeddable":true,"href":"https:\/\/www.gangodvaznych.cz\/index.php\/wp-json\/wp\/v2\/categories?post=254"},{"taxonomy":"post_tag","embeddable":true,"href":"https:\/\/www.gangodvaznych.cz\/index.php\/wp-json\/wp\/v2\/tags?post=254"}],"curies":[{"name":"wp","href":"https:\/\/api.w.org\/{rel}","templated":true}]}}