{"id":258,"date":"2019-03-24T16:04:17","date_gmt":"2019-03-24T16:04:17","guid":{"rendered":"http:\/\/www.gangodvaznych.cz\/?p=258"},"modified":"2020-03-03T15:05:53","modified_gmt":"2020-03-03T15:05:53","slug":"tragicky-lyzarsky-zavod-v-krkonosich-roku-1913-jonas","status":"publish","type":"post","link":"https:\/\/www.gangodvaznych.cz\/index.php\/2019\/03\/24\/tragicky-lyzarsky-zavod-v-krkonosich-roku-1913-jonas\/","title":{"rendered":"Tragick\u00fd ly\u017ea\u0159sk\u00fd z\u00e1vod v Krkono\u0161\u00edch roku 1913 (Jon\u00e1\u0161)"},"content":{"rendered":"\r\n<p class=\"wp-block-paragraph\"><em>Kdy\u017e Alfa sb\u00edrala informace o d\u011bjin\u00e1ch Horsk\u00e9 slu\u017eby, narazila na zm\u00ednku o jednom slavn\u00e9m ly\u017ea\u0159sk\u00e9m z\u00e1vodu, kter\u00fd skon\u010dil trag\u00e9di\u00ed. Pr\u00e1v\u011b tahle trag\u00e9die ale popostr\u010dila horsk\u00e9 z\u00e1chran\u00e1\u0159e ke vzniku organizovan\u00e9ho spolku lid\u00ed, kte\u0159\u00ed na hor\u00e1ch zachra\u0148uj\u00ed lidsk\u00e9 \u017eivoty. Ly\u017eov\u00e1n\u00ed miluju, proto jsem se rozhodl, \u017ee se na okolnosti toho z\u00e1vodu pod\u00edv\u00e1m trochu podrobn\u011bji.<\/em><\/p>\r\n\r\n\r\n\r\n<p class=\"wp-block-paragraph\">Toho b\u0159eznov\u00e9ho dne, 24. 3. roku 1913, se v&nbsp;Krkono\u0161\u00edch konal z\u00e1vod v&nbsp;b\u011bhu na ly\u017e\u00edch na 50 km. Byl to u\u017e osm\u00fd ro\u010dn\u00edk a p\u0159ihl\u00e1silo se do n\u011bj \u0161est z\u00e1vodn\u00edk\u016f. Trasa vedla z&nbsp;Labsk\u00e9 boudy kolem Sn\u011b\u017en\u00fdch jam, p\u0159es Harrachovy kameny a Zlat\u00e9 n\u00e1vr\u0161\u00ed zp\u00e1tky k&nbsp;Labsk\u00e9 boud\u011b a pak do Horn\u00edch M\u00edse\u010dek.<\/p>\r\n\r\n\r\n\r\n<figure class=\"wp-block-image\"><img loading=\"lazy\" decoding=\"async\" width=\"800\" height=\"539\" class=\"wp-image-504\" src=\"http:\/\/www.gangodvaznych.cz\/wp-content\/uploads\/2019\/03\/tra\u0165-z\u00e1vodu_httpwww_webcestovatelu.cz93244-kamaradi-na-zivot-a-na-smrt.jpg\" alt=\"\" srcset=\"https:\/\/www.gangodvaznych.cz\/wp-content\/uploads\/2019\/03\/tra\u0165-z\u00e1vodu_httpwww_webcestovatelu.cz93244-kamaradi-na-zivot-a-na-smrt.jpg 800w, https:\/\/www.gangodvaznych.cz\/wp-content\/uploads\/2019\/03\/tra\u0165-z\u00e1vodu_httpwww_webcestovatelu.cz93244-kamaradi-na-zivot-a-na-smrt-300x202.jpg 300w, https:\/\/www.gangodvaznych.cz\/wp-content\/uploads\/2019\/03\/tra\u0165-z\u00e1vodu_httpwww_webcestovatelu.cz93244-kamaradi-na-zivot-a-na-smrt-768x517.jpg 768w\" sizes=\"auto, (max-width: 800px) 100vw, 800px\" \/><\/figure>\r\n\r\n\r\n\r\n<p class=\"wp-block-paragraph\">Bylo p\u011bkn\u00e9 r\u00e1no, teplom\u011br ukazoval 8\u00b0C nad nulou a n\u011bkte\u0159\u00ed z\u00e1vodn\u00edci se na trasu vydali jen v&nbsp;ko\u0161ili a bez \u010depice i rukavic. B\u011bhem z\u00e1vodu se v\u0161ak po\u010das\u00ed prudce zm\u011bnilo v mrazivou v\u00e1nici. V\u011bt\u0161ina sout\u011b\u017e\u00edc\u00edch ly\u017ea\u0159\u016f ze z\u00e1vodu odstoupila, na trati zbyl jen Bohumil Han\u010d, kter\u00fd ale netu\u0161il, \u017ee u\u017e z\u00e1vod\u00ed jen s\u00e1m se sebou.<\/p>\r\n\r\n\r\n\r\n<div class=\"wp-block-image\">\r\n<figure class=\"alignleft is-resized\"><img loading=\"lazy\" decoding=\"async\" class=\"wp-image-505\" src=\"http:\/\/www.gangodvaznych.cz\/wp-content\/uploads\/2019\/03\/Han\u010d-a-Rath_httpwww_webcestovatelu.cz93244-kamaradi-na-zivot-a-na-smrt-776x1024.jpg\" alt=\"\" width=\"356\" height=\"469\" srcset=\"https:\/\/www.gangodvaznych.cz\/wp-content\/uploads\/2019\/03\/Han\u010d-a-Rath_httpwww_webcestovatelu.cz93244-kamaradi-na-zivot-a-na-smrt-776x1024.jpg 776w, https:\/\/www.gangodvaznych.cz\/wp-content\/uploads\/2019\/03\/Han\u010d-a-Rath_httpwww_webcestovatelu.cz93244-kamaradi-na-zivot-a-na-smrt-227x300.jpg 227w, https:\/\/www.gangodvaznych.cz\/wp-content\/uploads\/2019\/03\/Han\u010d-a-Rath_httpwww_webcestovatelu.cz93244-kamaradi-na-zivot-a-na-smrt-768x1013.jpg 768w, https:\/\/www.gangodvaznych.cz\/wp-content\/uploads\/2019\/03\/Han\u010d-a-Rath_httpwww_webcestovatelu.cz93244-kamaradi-na-zivot-a-na-smrt.jpg 800w\" sizes=\"auto, (max-width: 356px) 100vw, 356px\" \/><\/figure>\r\n<\/div>\r\n\r\n\r\n\r\n<p class=\"wp-block-paragraph\">Kdy\u017e bylo jasn\u00e9, \u017ee Han\u010d z\u016fstal ve sn\u011bhov\u00e9 bou\u0159i n\u011bkde na trati, vydali se ho t\u0159i lid\u00e9 hledat, ka\u017ed\u00fd jin\u00fdm sm\u011brem. Jeden ze z\u00e1vodn\u00edk\u016f, Emerich Rath, ho skute\u010dn\u011b polozmrzl\u00e9ho na\u0161el. Vlekl ho na z\u00e1dech asi p\u016fl kilometru, ale kdy\u017e zjistil, \u017ee je to nad jeho s\u00edly, vr\u00e1til se pro ly\u017ee a rozjel se pro pomoc. \u00dapln\u011b vy\u010derpan\u00fd dorazil na Labskou boudu a ozn\u00e1mil, kde Han\u010de nechal. Kdy\u017e se kone\u010dn\u011b poda\u0159ilo dostat Han\u010de do tepl\u00e9 m\u00edstnosti, nedalo se mu u\u017e pomoct. Vinou obrovsk\u00e9ho podchlazen\u00ed mu selhalo srdce. Bylo mu 26 let.<\/p>\r\n\r\n\r\n\r\n<div class=\"wp-block-image\">\r\n<figure class=\"alignright is-resized\"><img loading=\"lazy\" decoding=\"async\" class=\"wp-image-506\" src=\"http:\/\/www.gangodvaznych.cz\/wp-content\/uploads\/2019\/03\/V\u00e1clac-Vrbata_httpwww_webcestovatelu.cz93244-kamaradi-na-zivot-a-na-smrt-642x1024.jpg\" alt=\"\" width=\"168\" height=\"269\" srcset=\"https:\/\/www.gangodvaznych.cz\/wp-content\/uploads\/2019\/03\/V\u00e1clac-Vrbata_httpwww_webcestovatelu.cz93244-kamaradi-na-zivot-a-na-smrt-642x1024.jpg 642w, https:\/\/www.gangodvaznych.cz\/wp-content\/uploads\/2019\/03\/V\u00e1clac-Vrbata_httpwww_webcestovatelu.cz93244-kamaradi-na-zivot-a-na-smrt-188x300.jpg 188w, https:\/\/www.gangodvaznych.cz\/wp-content\/uploads\/2019\/03\/V\u00e1clac-Vrbata_httpwww_webcestovatelu.cz93244-kamaradi-na-zivot-a-na-smrt-768x1226.jpg 768w, https:\/\/www.gangodvaznych.cz\/wp-content\/uploads\/2019\/03\/V\u00e1clac-Vrbata_httpwww_webcestovatelu.cz93244-kamaradi-na-zivot-a-na-smrt.jpg 800w\" sizes=\"auto, (max-width: 168px) 100vw, 168px\" \/><\/figure>\r\n<\/div>\r\n\r\n\r\n\r\n<p class=\"wp-block-paragraph\">Jedn\u00edm, kdo z\u00e1vodu p\u0159ihl\u00ed\u017eel, byl Han\u010d\u016fv nejlep\u0161\u00ed kamar\u00e1d, o rok star\u0161\u00ed V\u00e1clav Vrbata. Jel mu p\u0159i z\u00e1vodu naproti, a kdy\u017e ho potkal cel\u00e9ho promrzl\u00e9ho, p\u016fj\u010dil mu sv\u016fj kab\u00e1t a \u010depici, aby mohl z\u00e1vod dokon\u010dit. S\u00e1m se cht\u011bl rychle vr\u00e1tit do M\u00edse\u010dek, ale pak dostal o p\u0159\u00edtele strach a vr\u00e1til se na h\u0159eben, aby Han\u010de na\u0161el a pomohl mu. To se mu stalo osudn\u00fdm. I jemu vlivem podchlazen\u00ed selhalo srdce. Jeho t\u011blo se po z\u00e1vodu na\u0161lo kousek od m\u00edsta, kde z\u016fstal le\u017eet vys\u00edlen\u00fd Han\u010d.<\/p>\r\n\r\n\r\n\r\n<p class=\"wp-block-paragraph\">V&nbsp;dal\u0161\u00edch letech u\u017e se z\u00e1vod nekonal. Na pam\u00e1tku t\u00e9hle tragick\u00e9 ud\u00e1losti byl 24. b\u0159ezen pozd\u011bji ozna\u010den jako Den Horsk\u00e9 slu\u017eby.<\/p>\r\n\r\n\r\n\r\n<p class=\"wp-block-paragraph\">Jm\u00e9na Bohumila Han\u010de a V\u00e1clava Vrbaty p\u0159ipom\u00ednaj\u00ed n\u00e1zvy horsk\u00fdch bud, turistick\u00fdch cest i sportovn\u00edch spolk\u016f. Na jejich pam\u00e1tku byla na Vrbatov\u011b n\u00e1vr\u0161\u00ed mezi Vrbatovou boudou a Harrachov\u00fdmi kameny, v&nbsp;m\u00edst\u011b, kde byl umrzl\u00fd Vrbata nalezen, postavena mohyla. Ale o Emerichu Rathovi, kter\u00fd se sna\u017eil Han\u010de na z\u00e1dech dovl\u00e9ct do bezpe\u010d\u00ed, se moc nep\u00ed\u0161e. Vypad\u00e1 to, \u017ee cel\u00e1 ud\u00e1lost je dodnes op\u0159eden\u00e1 nejasnostmi.<\/p>\r\n\r\n\r\n\r\n<p class=\"wp-block-paragraph\">Emerich Rath byl v\u0161estrann\u011b nadan\u00fd sportovec a pr\u016fkopn\u00edk ly\u017eov\u00e1n\u00ed. Jako reprezentant Rakouska-Uherska b\u011b\u017eel maraton na dvou olympijsk\u00fdch hr\u00e1ch. V&nbsp;roce 1912 se stal mistrem N\u011bmecka v&nbsp;boxu. V&nbsp;roce 1913 vyhr\u00e1l na mistrovstv\u00ed kr\u00e1lovstv\u00ed \u010desk\u00e9ho z\u00e1vod v b\u011bhu na ly\u017e\u00edch na 5 km. V&nbsp;dal\u0161\u00edm roce hr\u00e1l v&nbsp;\u010desk\u00e9m t\u00fdmu na mistrovstv\u00ed Evropy v&nbsp;ledn\u00edm hokeji. Stal se n\u011bkolikan\u00e1sobn\u00fdm mistrem \u010ceskoslovenska v&nbsp;j\u00edzd\u011b na kajaku. A na vysok\u00e9 \u00farovni provozoval spousty dal\u0161\u00edch sport\u016f.<\/p>\r\n\r\n\r\n\r\n<div class=\"wp-block-image\">\r\n<figure class=\"alignleft\"><img loading=\"lazy\" decoding=\"async\" width=\"282\" height=\"400\" class=\"wp-image-507\" src=\"http:\/\/www.gangodvaznych.cz\/wp-content\/uploads\/2019\/03\/Emerich_Rath_httpswww_trampsky-magazin.czblogkdo-byl-emerich-rath-sedy-vlk-806.html.jpg\" alt=\"\" srcset=\"https:\/\/www.gangodvaznych.cz\/wp-content\/uploads\/2019\/03\/Emerich_Rath_httpswww_trampsky-magazin.czblogkdo-byl-emerich-rath-sedy-vlk-806.html.jpg 282w, https:\/\/www.gangodvaznych.cz\/wp-content\/uploads\/2019\/03\/Emerich_Rath_httpswww_trampsky-magazin.czblogkdo-byl-emerich-rath-sedy-vlk-806.html-212x300.jpg 212w\" sizes=\"auto, (max-width: 282px) 100vw, 282px\" \/><\/figure>\r\n<\/div>\r\n\r\n\r\n\r\n<p class=\"wp-block-paragraph\">V&nbsp;osudn\u00e9m roce 1913 mu bylo 30 let. Za 1. sv\u011btov\u00e9 v\u00e1lky pracoval v&nbsp;Alp\u00e1ch jako instruktor ly\u017eov\u00e1n\u00ed. Pozd\u011bji si v&nbsp;Praze otev\u0159el obchod se sportovn\u00edm vybaven\u00edm a s&nbsp;pot\u0159ebami pro trampy. Po \u00fanoru 1948 byl pron\u00e1sledovan\u00fd kv\u016fli propagaci americk\u00e9ho stylu \u017eivota (tramping). Skon\u010dil jako bezdomovec, kter\u00e9ho nakonec um\u00edstili do domova d\u016fchodc\u016f. Zem\u0159el v&nbsp;79 letech na infarkt.<\/p>\r\n\r\n\r\n\r\n<p class=\"wp-block-paragraph\">V&nbsp;roce 2004 mu byla posmrtn\u011b ud\u011blena cena Fair play \u010cesk\u00e9ho olympijsk\u00e9ho v\u00fdboru.<\/p>\r\n\r\n\r\n\r\n<p class=\"wp-block-paragraph\"><em>Kdy\u017e jsem informace o ne\u0161\u0165astn\u00e9m z\u00e1vodu zji\u0161\u0165oval, musel jsem se n\u011bkolikr\u00e1t zamyslet. Co bych ud\u011blal, kdyby se n\u011bkdo z&nbsp;na\u0161\u00ed party, z&nbsp;na\u0161eho Gangu odv\u00e1\u017en\u00fdch, dostal do takov\u00e9 situace, \u017ee by v ledov\u00e9m vichru nemohl d\u00e1l? Unesl bych t\u0159eba takov\u00e9ho Hardyho na z\u00e1dech?<\/em><\/p>\r\n\r\n\r\n\r\n<p class=\"wp-block-paragraph\"><em>Znova si s mrazen\u00edm uv\u011bdomuju, jak\u00e9 jsme m\u011bli \u0161t\u011bst\u00ed. A jak dob\u0159e bylo, \u017ee jsme se zahrabali do sn\u011bhu pod v\u011btve smr\u010dku. Kdyby se Han\u010d s Vrbatou pokusili ud\u011blat si z\u00e1hrab a p\u0159enocovat, mohli to tenkr\u00e1t p\u0159e\u017e\u00edt?<\/em><\/p>\r\n\r\n\r\n\r\n<p class=\"wp-block-paragraph\"><em>Jsem vd\u011b\u010dn\u00fd Marian\u011b, \u017ee tehdy tak d\u016frazn\u011b varovala p\u0159ed prochladnut\u00edm. Bohumil Han\u010d i V\u00e1clav Vrbata zem\u0159eli proto, \u017ee jim vlivem prochladnut\u00ed selhalo srdce. Nep\u0159e\u017eili. My na\u0161t\u011bst\u00ed ano.<\/em><\/p>\r\n\r\n\r\n\r\n<p class=\"wp-block-paragraph\"><em>PRAMENY:<\/em><\/p>\r\n<p><a href=\"http:\/\/www.webcestovatelu.cz\/93244-kamaradi-na-zivot-a-na-smrt\">webcestovatelu.cz\/93244-<strong>kamaradi<\/strong>&#8211;<strong>na<\/strong>&#8211;<strong>zivot<\/strong>&#8211;<strong>a<\/strong>-na-<strong>smrt<\/strong><\/a><\/p>\r\n<p>&nbsp;<\/p>\r\n<p><em>ZDROJ OBR\u00c1ZK\u016e: PINTEREST<\/em><\/p>\r\n","protected":false},"excerpt":{"rendered":"<p>Kdy\u017e Alfa sb\u00edrala informace o d\u011bjin\u00e1ch Horsk\u00e9 slu\u017eby, narazila na zm\u00ednku o jednom slavn\u00e9m ly\u017ea\u0159sk\u00e9m z\u00e1vodu, kter\u00fd skon\u010dil trag\u00e9di\u00ed. Pr\u00e1v\u011b tahle trag\u00e9die ale popostr\u010dila horsk\u00e9 z\u00e1chran\u00e1\u0159e ke vzniku organizovan\u00e9ho spolku lid\u00ed, kte\u0159\u00ed na hor\u00e1ch zachra\u0148uj\u00ed lidsk\u00e9 \u017eivoty. Ly\u017eov\u00e1n\u00ed miluju, proto jsem se rozhodl, \u017ee se na okolnosti toho z\u00e1vodu pod\u00edv\u00e1m trochu podrobn\u011bji. Toho b\u0159eznov\u00e9ho dne,&#8230;<\/p>\n","protected":false},"author":1,"featured_media":0,"comment_status":"closed","ping_status":"closed","sticky":false,"template":"","format":"standard","meta":{"ngg_post_thumbnail":0,"footnotes":""},"categories":[4,10],"tags":[38,39,41,42,40],"class_list":["post-258","post","type-post","status-publish","format-standard","hentry","category-bonusy-hory","category-hrdinove-jonas","tag-bohumil-hanc","tag-emerich-rath","tag-krkonose","tag-lyzarsky-zavod-1913","tag-vaclav-vrbata"],"_links":{"self":[{"href":"https:\/\/www.gangodvaznych.cz\/index.php\/wp-json\/wp\/v2\/posts\/258","targetHints":{"allow":["GET"]}}],"collection":[{"href":"https:\/\/www.gangodvaznych.cz\/index.php\/wp-json\/wp\/v2\/posts"}],"about":[{"href":"https:\/\/www.gangodvaznych.cz\/index.php\/wp-json\/wp\/v2\/types\/post"}],"author":[{"embeddable":true,"href":"https:\/\/www.gangodvaznych.cz\/index.php\/wp-json\/wp\/v2\/users\/1"}],"replies":[{"embeddable":true,"href":"https:\/\/www.gangodvaznych.cz\/index.php\/wp-json\/wp\/v2\/comments?post=258"}],"version-history":[{"count":7,"href":"https:\/\/www.gangodvaznych.cz\/index.php\/wp-json\/wp\/v2\/posts\/258\/revisions"}],"predecessor-version":[{"id":1415,"href":"https:\/\/www.gangodvaznych.cz\/index.php\/wp-json\/wp\/v2\/posts\/258\/revisions\/1415"}],"wp:attachment":[{"href":"https:\/\/www.gangodvaznych.cz\/index.php\/wp-json\/wp\/v2\/media?parent=258"}],"wp:term":[{"taxonomy":"category","embeddable":true,"href":"https:\/\/www.gangodvaznych.cz\/index.php\/wp-json\/wp\/v2\/categories?post=258"},{"taxonomy":"post_tag","embeddable":true,"href":"https:\/\/www.gangodvaznych.cz\/index.php\/wp-json\/wp\/v2\/tags?post=258"}],"curies":[{"name":"wp","href":"https:\/\/api.w.org\/{rel}","templated":true}]}}