{"id":2675,"date":"2021-10-15T22:13:04","date_gmt":"2021-10-15T22:13:04","guid":{"rendered":"https:\/\/www.gangodvaznych.cz\/?p=2675"},"modified":"2021-10-15T22:52:02","modified_gmt":"2021-10-15T22:52:02","slug":"knize-edmund-alfa","status":"publish","type":"post","link":"https:\/\/www.gangodvaznych.cz\/index.php\/2021\/10\/15\/knize-edmund-alfa\/","title":{"rendered":"Kn\u00ed\u017ee Edmund (Alfa)"},"content":{"rendered":"<p>&nbsp;<\/p>\n<p><img loading=\"lazy\" decoding=\"async\" class=\"size-medium wp-image-2682 alignright\" src=\"http:\/\/www.gangodvaznych.cz\/wp-content\/uploads\/2021\/10\/374px-Elisabeth_Clary-Aldringen_s-dcerou-Edmee_1860-187x300.jpg\" alt=\"\" width=\"187\" height=\"300\" srcset=\"https:\/\/www.gangodvaznych.cz\/wp-content\/uploads\/2021\/10\/374px-Elisabeth_Clary-Aldringen_s-dcerou-Edmee_1860-187x300.jpg 187w, https:\/\/www.gangodvaznych.cz\/wp-content\/uploads\/2021\/10\/374px-Elisabeth_Clary-Aldringen_s-dcerou-Edmee_1860-300x480.jpg 300w, https:\/\/www.gangodvaznych.cz\/wp-content\/uploads\/2021\/10\/374px-Elisabeth_Clary-Aldringen_s-dcerou-Edmee_1860.jpg 374w\" sizes=\"auto, (max-width: 187px) 100vw, 187px\" \/>N\u011bkdy s&nbsp;Betou a Marianou p\u0159em\u00fd\u0161l\u00edme, jak\u00e9 by to bylo, kdybychom byly bohat\u00e9 \u0161lechti\u010dny, t\u0159eba hrab\u011bnky, nebo kn\u011b\u017eny. Beta by ur\u010dit\u011b z\u0159\u00eddila \u00fatulek pro nemocn\u00e1 a opu\u0161t\u011bn\u00e1 zv\u00ed\u0159ata. A zv\u00ed\u0159ec\u00ed hernu, kam by si chodili hr\u00e1t psi, ko\u010dky i lidi. Mariana by zase nechala postavit velkou nemocnici a v\u00fdzkumn\u00e9 laborato\u0159e, kde by v\u011bdci zkoumali, jak se d\u00e1 vyl\u00e9\u010dit t\u0159eba rakovina a dal\u0161\u00ed nebezpe\u010dn\u00e1 onemocn\u011bn\u00ed. A j\u00e1? Kdybych byla hrab\u011bnkou\u2026 dala bych opravit star\u00e9 hrady a z\u00e1mky, vybudovala bych spoustu park\u016f a vys\u00e1zela nov\u00e9 lesy, kter\u00fdmi by vedly turistick\u00e9 cesty. T\u0159eba by se pak po mn\u011b n\u011bjak\u00e1 cesta jmenovala. Jako po hrab\u011bnce Gabriele.<\/p>\n<p>&nbsp;<\/p>\n<p>&nbsp;<\/p>\n<p>Kdy\u017e jsme byli v&nbsp;H\u0159ensku, v\u0161imla jsem si, \u017ee n\u011bkter\u00e9 cesty a sout\u011bsky maj\u00ed zaj\u00edmav\u00e1 jm\u00e9na. T\u0159eba Edmudova sout\u011bska, Ferdinandova sout\u011bska, Gabrielina cesta nebo alt\u00e1n kn\u011b\u017eny Elisalex. \u010c\u00ed jsou to jm\u00e9na?<\/p>\n<p>&nbsp;<\/p>\n<p>Co jsem p\u0159i p\u00e1tr\u00e1n\u00ed zjisila:<\/p>\n<p>Oblast \u010cesk\u00e9ho \u0160v\u00fdcarska s&nbsp;obc\u00ed H\u0159ensko, sout\u011bskami a Prav\u010dickou br\u00e1nou pat\u0159ila od roku 1664 <strong>rodu Clary-Aldringen\u016f<\/strong><strong>.<\/strong> Byli to rakou\u0161t\u00ed \u0161lechtici italsk\u00e9ho p\u016fvodu. V&nbsp;\u010cesk\u00e9m kr\u00e1lovstv\u00ed jim pat\u0159ila \u0159ada statk\u016f. Jejich hlavn\u00edm s\u00eddlem se staly Teplice. A pr\u00e1v\u011b Clary-Aldringenov\u00e9 se zaslou\u017eili o rozvoj turistiky v&nbsp;\u010cesk\u00e9m \u0160v\u00fdcarsku.<\/p>\n<p>&nbsp;<\/p>\n<p><strong><img loading=\"lazy\" decoding=\"async\" class=\"size-medium wp-image-2677 alignright\" src=\"http:\/\/www.gangodvaznych.cz\/wp-content\/uploads\/2021\/10\/Furst_Edmund_Moritz_von_Clary_und_Adringen_1837_wiki-243x300.jpg\" alt=\"\" width=\"243\" height=\"300\" srcset=\"https:\/\/www.gangodvaznych.cz\/wp-content\/uploads\/2021\/10\/Furst_Edmund_Moritz_von_Clary_und_Adringen_1837_wiki-243x300.jpg 243w, https:\/\/www.gangodvaznych.cz\/wp-content\/uploads\/2021\/10\/Furst_Edmund_Moritz_von_Clary_und_Adringen_1837_wiki-300x371.jpg 300w, https:\/\/www.gangodvaznych.cz\/wp-content\/uploads\/2021\/10\/Furst_Edmund_Moritz_von_Clary_und_Adringen_1837_wiki.jpg 329w\" sizes=\"auto, (max-width: 243px) 100vw, 243px\" \/>Edmundova sout\u011bska<\/strong><\/p>\n<p>Kn\u00ed\u017ee Edmund, majitel zdej\u0161\u00edho panstv\u00ed, byl \u010dlenem rakousk\u00e9 pansk\u00e9 sn\u011bmovny, c. k. tajn\u00fdm radou a ryt\u00ed\u0159em \u0158\u00e1du zlat\u00e9ho rouna. \u017dil na z\u00e1mku ve V\u00eddni a v&nbsp;Teplic\u00edch. V&nbsp;roce 1881 nechal u Prav\u010dick\u00e9 br\u00e1ny postavit z\u00e1me\u010dek Sokol\u00ed hn\u00edzdo. A vz\u00e1p\u011bt\u00ed do H\u0159enska povolal dv\u011b st\u011b italsk\u00fdch d\u011bln\u00edk\u016f, aby v&nbsp;sout\u011bsk\u00e1ch \u0159eky Kamenice vybudovali cesty, tunely a mosty, a t\u00edm je zp\u0159\u00edstupnili ve\u0159ejnosti. Pr\u00e1v\u011b po n\u011bm je pojmenovan\u00e1 Edmundova sout\u011bska. N\u011bkdy se j\u00ed tak\u00e9 \u0159\u00edk\u00e1 Tich\u00e1 sout\u011bska.<\/p>\n<p>&nbsp;<\/p>\n<p>&nbsp;<\/p>\n<p><strong><img loading=\"lazy\" decoding=\"async\" class=\"size-medium wp-image-2678 alignleft\" src=\"http:\/\/www.gangodvaznych.cz\/wp-content\/uploads\/2021\/10\/61629e8edb53d2f95fe712632f06bd41_Zofie-a-Ferdinad-dEste-223x300.jpg\" alt=\"\" width=\"223\" height=\"300\" srcset=\"https:\/\/www.gangodvaznych.cz\/wp-content\/uploads\/2021\/10\/61629e8edb53d2f95fe712632f06bd41_Zofie-a-Ferdinad-dEste-223x300.jpg 223w, https:\/\/www.gangodvaznych.cz\/wp-content\/uploads\/2021\/10\/61629e8edb53d2f95fe712632f06bd41_Zofie-a-Ferdinad-dEste-300x404.jpg 300w, https:\/\/www.gangodvaznych.cz\/wp-content\/uploads\/2021\/10\/61629e8edb53d2f95fe712632f06bd41_Zofie-a-Ferdinad-dEste.jpg 741w\" sizes=\"auto, (max-width: 223px) 100vw, 223px\" \/>Ferdinandova sout\u011bska<\/strong><\/p>\n<p>Byla z\u0159ejm\u011b pojmenovan\u00e1 po n\u00e1sledn\u00edkovi tr\u016fnu, Franti\u0161ku Ferdinandovi deEste.<\/p>\n<p>Sestra jeho man\u017eelky \u017dofie Chotkov\u00e9, Olga Chotkov\u00e1, v&nbsp;roce 1872 cestou k&nbsp;Prav\u010dick\u00e9 br\u00e1n\u011b spadla z&nbsp;kon\u011b. Pr\u00fd se j\u00ed nic nestalo. Tomu m\u00edstu se \u0159\u00edk\u00e1 Ol\u017ein p\u00e1d a dneska je ozna\u010den\u00e9 cedulkou. Je to p\u0159esn\u011b zde: (50\u00b053&#8217;3&#8243;N, 14\u00b016&#8217;37&#8243;E).<\/p>\n<p>&nbsp;<\/p>\n<p>&nbsp;<\/p>\n<p>&nbsp;<\/p>\n<p><strong><img loading=\"lazy\" decoding=\"async\" class=\"size-medium wp-image-2680 alignright\" src=\"http:\/\/www.gangodvaznych.cz\/wp-content\/uploads\/2021\/10\/d650a9caf632c749273641d79c7c7e3a_Elisalex-237x300.jpg\" alt=\"\" width=\"237\" height=\"300\" srcset=\"https:\/\/www.gangodvaznych.cz\/wp-content\/uploads\/2021\/10\/d650a9caf632c749273641d79c7c7e3a_Elisalex-237x300.jpg 237w, https:\/\/www.gangodvaznych.cz\/wp-content\/uploads\/2021\/10\/d650a9caf632c749273641d79c7c7e3a_Elisalex.jpg 263w\" sizes=\"auto, (max-width: 237px) 100vw, 237px\" \/>Alt\u00e1n kn\u011b\u017eny Elisalex<\/strong><\/p>\n<p>Edmundova \u017eena se jmenovala Elisabeth Alexandrine de Ficquelmont. \u0158\u00edkalo se j\u00ed kn\u011b\u017ena Elisalex. S&nbsp;Edmundem se sezn\u00e1mili, kdy\u017e j\u00ed bylo \u0161estn\u00e1ct a jemu osmadvacet. Je\u0161t\u011b ten sam\u00fd rok se vzali a postupn\u011b se jim narodili t\u0159i synov\u00e9, Carlos, Siegfried a Manfred, a dcera Edm\u00e9e. Edmund svou kr\u00e1snou \u017eenu velmi miloval, a kdy\u017e pak zem\u0159ela, na\u0161el nov\u00fd smysl \u017eivota v&nbsp;rozv\u00edjen\u00ed turistiky na sv\u00e9m panstv\u00ed. Kn\u011b\u017en\u011b Elisalex je v&nbsp;Edmundov\u011b sout\u011bsce v\u011bnovan\u00fd osmibok\u00fd d\u0159ev\u011bn\u00fd alt\u00e1n s&nbsp;lavi\u010dkami a s&nbsp;v\u00fdhledem na \u0159eku Kamenici. Byl postaven\u00fd a\u017e v&nbsp;roce 2017, pr\u00fd na m\u00edst\u011b d\u0159\u00edv\u011bj\u0161\u00edho alt\u00e1nku, kter\u00fd se nedochoval.<\/p>\n<p>&nbsp;<\/p>\n<p><strong><img loading=\"lazy\" decoding=\"async\" class=\"size-medium wp-image-2681 alignleft\" src=\"http:\/\/www.gangodvaznych.cz\/wp-content\/uploads\/2021\/10\/Leontina-Gabrielle-171x300.jpg\" alt=\"\" width=\"171\" height=\"300\" srcset=\"https:\/\/www.gangodvaznych.cz\/wp-content\/uploads\/2021\/10\/Leontina-Gabrielle-171x300.jpg 171w, https:\/\/www.gangodvaznych.cz\/wp-content\/uploads\/2021\/10\/Leontina-Gabrielle-300x526.jpg 300w, https:\/\/www.gangodvaznych.cz\/wp-content\/uploads\/2021\/10\/Leontina-Gabrielle.jpg 381w\" sizes=\"auto, (max-width: 171px) 100vw, 171px\" \/>Gabrielina stezka<\/strong><\/p>\n<p>V&nbsp;roce 1892 dal kn\u00ed\u017ee Edmund vybudovat \u0161estikilometrovou turistickou stezku, kter\u00e1 vede z&nbsp;Mezn\u00ed Louky p\u0159es Prav\u010dickou br\u00e1nu k&nbsp;rozcest\u00ed T\u0159i prameny. Tato stezka se jmenuje po Edmundov\u011b sest\u0159e Leontin\u011b Gabriele. Edmund m\u011bl je\u0161t\u011b jednu star\u0161\u00ed sestru, Mathildu Christinu, ale po n\u00ed, pokud v\u00edm, \u017e\u00e1dn\u00e9 m\u00edsto v&nbsp;H\u0159ensku pojmenovan\u00e9 nen\u00ed.<\/p>\n<p>&nbsp;<\/p>\n<p>&nbsp;<\/p>\n<p>&nbsp;<\/p>\n<p>&nbsp;<\/p>\n<p>Od na\u0161eho z\u00e1\u017eitku p\u0159i povodni by klidn\u011b mohly vzniknout dal\u0161\u00ed n\u00e1zvy. T\u0159eba Alfina vyhl\u00eddka, Betina l\u00e1vka, Hardyho k\u00e1men, Jon\u00e1\u0161ova st\u011bna, penzion U Mariany a po Timovi zachr\u00e1n\u011bn\u00e9m na sudu by se klidn\u011b mohla v&nbsp;kiosku \u010depovat Timova malinovka. \ud83d\ude0a<\/p>\n<p>&nbsp;<\/p>\n<p><em>ZDROJE:<\/em><\/p>\n<p><a href=\"https:\/\/cs.wikipedia.org\/wiki\/Clary-Aldringenov%C3%A9\">https:\/\/cs.wikipedia.org\/wiki\/Clary-Aldringenov%C3%A9<\/a><\/p>\n<p><a href=\"https:\/\/cs.wikipedia.org\/wiki\/Edmund_Clary-Aldringen\">https:\/\/cs.wikipedia.org\/wiki\/Edmund_Clary-Aldringen<\/a><\/p>\n<p><a href=\"https:\/\/www.hrensko.cz\/\">https:\/\/www.hrensko.cz\/<\/a><\/p>\n<p><a href=\"https:\/\/www.turistika.cz\/vylety\/gabrielinou-stezkou-k-pravcicke-brane\/detail\">https:\/\/www.turistika.cz\/vylety\/gabrielinou-stezkou-k-pravcicke-brane\/detail<\/a><\/p>\n<p><a href=\"https:\/\/commons.m.wikimedia.org\/wiki\/File:Elisabeth_Clary-Aldringen.jpg\">https:\/\/commons.m.wikimedia.org\/wiki\/File:Elisabeth_Clary-Aldringen.jpg<\/a><\/p>\n<p><a href=\"https:\/\/commons.m.wikimedia.org\/wiki\/File:Elisex-de-Ficquelmont.jpg\">https:\/\/commons.m.wikimedia.org\/wiki\/File:Elisex-de-Ficquelmont.jpg<\/a><\/p>\n<p><a href=\"https:\/\/commons.m.wikimedia.org\/wiki\/File:Elisabeth_Alexandrine_Ficquelmont.jpg\">https:\/\/commons.m.wikimedia.org\/wiki\/File:Elisabeth_Alexandrine_Ficquelmont.jpg<\/a><\/p>\n<p><a href=\"https:\/\/en.m.wikipedia.org\/wiki\/Prince_Siegfried_von_Clary-Aldringen#\">https:\/\/en.m.wikipedia.org\/wiki\/Prince_Siegfried_von_Clary-Aldringen#<\/a><\/p>\n<p>https:\/\/gw.geneanet.org\/frebault?lang=en&#038;n=von+clary+und+aldringen&#038;oc=0&#038;p=leontine+gabrielle<\/p>\n<p><a href=\"https:\/\/dvojka.rozhlas.cz\/navzdory-cisari-panu-zmenila-zivot-arcivevody-ferdinanda-a-zemrela-s-nim-osudove-7460762#&amp;gid=1&amp;pid\">https:\/\/dvojka.rozhlas.cz\/navzdory-cisari-panu-zmenila-zivot-arcivevody-ferdinanda-a-zemrela-s-nim-osudove-7460762#&amp;gid=1&amp;pid<\/a><\/p>\n<p>&nbsp;<\/p>\n<p><em>ZDROJ OBR\u00c1ZK\u016e: PINTEREST a WIKIPEDIA<\/em><\/p>\n","protected":false},"excerpt":{"rendered":"<p>&nbsp; N\u011bkdy s&nbsp;Betou a Marianou p\u0159em\u00fd\u0161l\u00edme, jak\u00e9 by to bylo, kdybychom byly bohat\u00e9 \u0161lechti\u010dny, t\u0159eba hrab\u011bnky, nebo kn\u011b\u017eny. Beta by ur\u010dit\u011b z\u0159\u00eddila \u00fatulek pro nemocn\u00e1 a opu\u0161t\u011bn\u00e1 zv\u00ed\u0159ata. A zv\u00ed\u0159ec\u00ed hernu, kam by si chodili hr\u00e1t psi, ko\u010dky i lidi. Mariana by zase nechala postavit velkou nemocnici a v\u00fdzkumn\u00e9 laborato\u0159e, kde by v\u011bdci zkoumali, jak&#8230;<\/p>\n","protected":false},"author":1,"featured_media":0,"comment_status":"closed","ping_status":"closed","sticky":false,"template":"","format":"standard","meta":{"ngg_post_thumbnail":0,"footnotes":""},"categories":[7],"tags":[329,295,331,330,332,333],"class_list":["post-2675","post","type-post","status-publish","format-standard","hentry","category-hrdinove-alfa","tag-clary-aldringen","tag-hrensko","tag-knezna-elisalex","tag-knize-admund","tag-leontina-gabriela","tag-turisticke-cesty"],"_links":{"self":[{"href":"https:\/\/www.gangodvaznych.cz\/index.php\/wp-json\/wp\/v2\/posts\/2675","targetHints":{"allow":["GET"]}}],"collection":[{"href":"https:\/\/www.gangodvaznych.cz\/index.php\/wp-json\/wp\/v2\/posts"}],"about":[{"href":"https:\/\/www.gangodvaznych.cz\/index.php\/wp-json\/wp\/v2\/types\/post"}],"author":[{"embeddable":true,"href":"https:\/\/www.gangodvaznych.cz\/index.php\/wp-json\/wp\/v2\/users\/1"}],"replies":[{"embeddable":true,"href":"https:\/\/www.gangodvaznych.cz\/index.php\/wp-json\/wp\/v2\/comments?post=2675"}],"version-history":[{"count":2,"href":"https:\/\/www.gangodvaznych.cz\/index.php\/wp-json\/wp\/v2\/posts\/2675\/revisions"}],"predecessor-version":[{"id":2709,"href":"https:\/\/www.gangodvaznych.cz\/index.php\/wp-json\/wp\/v2\/posts\/2675\/revisions\/2709"}],"wp:attachment":[{"href":"https:\/\/www.gangodvaznych.cz\/index.php\/wp-json\/wp\/v2\/media?parent=2675"}],"wp:term":[{"taxonomy":"category","embeddable":true,"href":"https:\/\/www.gangodvaznych.cz\/index.php\/wp-json\/wp\/v2\/categories?post=2675"},{"taxonomy":"post_tag","embeddable":true,"href":"https:\/\/www.gangodvaznych.cz\/index.php\/wp-json\/wp\/v2\/tags?post=2675"}],"curies":[{"name":"wp","href":"https:\/\/api.w.org\/{rel}","templated":true}]}}