{"id":2727,"date":"2021-10-16T10:26:35","date_gmt":"2021-10-16T10:26:35","guid":{"rendered":"https:\/\/www.gangodvaznych.cz\/?p=2727"},"modified":"2021-10-16T10:38:48","modified_gmt":"2021-10-16T10:38:48","slug":"hledej-rozdily-povoden","status":"publish","type":"post","link":"https:\/\/www.gangodvaznych.cz\/index.php\/2021\/10\/16\/hledej-rozdily-povoden\/","title":{"rendered":"HLEDEJ ROZD\u00cdLY &#8211; POVODE\u0147"},"content":{"rendered":"<p>NAJDI 10 ROZD\u00cdL\u016e&nbsp; na obr\u00e1zku Maty\u00e1\u0161e Namaie.&nbsp; SPR\u00c1VN\u00c9 \u0158E\u0160EN\u00cd DOLE.<\/p>\n<p><img loading=\"lazy\" decoding=\"async\" class=\"alignnone wp-image-2728\" src=\"http:\/\/www.gangodvaznych.cz\/wp-content\/uploads\/2021\/10\/Povoden_Obalka-Asvetla-215x300.jpg\" alt=\"\" width=\"333\" height=\"464\" srcset=\"https:\/\/www.gangodvaznych.cz\/wp-content\/uploads\/2021\/10\/Povoden_Obalka-Asvetla-215x300.jpg 215w, https:\/\/www.gangodvaznych.cz\/wp-content\/uploads\/2021\/10\/Povoden_Obalka-Asvetla-734x1024.jpg 734w, https:\/\/www.gangodvaznych.cz\/wp-content\/uploads\/2021\/10\/Povoden_Obalka-Asvetla-768x1071.jpg 768w, https:\/\/www.gangodvaznych.cz\/wp-content\/uploads\/2021\/10\/Povoden_Obalka-Asvetla-1101x1536.jpg 1101w, https:\/\/www.gangodvaznych.cz\/wp-content\/uploads\/2021\/10\/Povoden_Obalka-Asvetla-1468x2048.jpg 1468w, https:\/\/www.gangodvaznych.cz\/wp-content\/uploads\/2021\/10\/Povoden_Obalka-Asvetla-300x418.jpg 300w, https:\/\/www.gangodvaznych.cz\/wp-content\/uploads\/2021\/10\/Povoden_Obalka-Asvetla-850x1186.jpg 850w, https:\/\/www.gangodvaznych.cz\/wp-content\/uploads\/2021\/10\/Povoden_Obalka-Asvetla-scaled.jpg 1835w\" sizes=\"auto, (max-width: 333px) 100vw, 333px\" \/>&nbsp; <img loading=\"lazy\" decoding=\"async\" class=\"alignnone wp-image-2729\" src=\"http:\/\/www.gangodvaznych.cz\/wp-content\/uploads\/2021\/10\/Povoden_Obalka-Bsvetla-215x300.jpg\" alt=\"\" width=\"333\" height=\"464\" srcset=\"https:\/\/www.gangodvaznych.cz\/wp-content\/uploads\/2021\/10\/Povoden_Obalka-Bsvetla-215x300.jpg 215w, https:\/\/www.gangodvaznych.cz\/wp-content\/uploads\/2021\/10\/Povoden_Obalka-Bsvetla-734x1024.jpg 734w, https:\/\/www.gangodvaznych.cz\/wp-content\/uploads\/2021\/10\/Povoden_Obalka-Bsvetla-768x1071.jpg 768w, https:\/\/www.gangodvaznych.cz\/wp-content\/uploads\/2021\/10\/Povoden_Obalka-Bsvetla-1101x1536.jpg 1101w, https:\/\/www.gangodvaznych.cz\/wp-content\/uploads\/2021\/10\/Povoden_Obalka-Bsvetla-1468x2048.jpg 1468w, https:\/\/www.gangodvaznych.cz\/wp-content\/uploads\/2021\/10\/Povoden_Obalka-Bsvetla-300x418.jpg 300w, https:\/\/www.gangodvaznych.cz\/wp-content\/uploads\/2021\/10\/Povoden_Obalka-Bsvetla-850x1186.jpg 850w, https:\/\/www.gangodvaznych.cz\/wp-content\/uploads\/2021\/10\/Povoden_Obalka-Bsvetla-scaled.jpg 1835w\" sizes=\"auto, (max-width: 333px) 100vw, 333px\" \/><\/p>\n<p>&nbsp;<\/p>\n<p>&nbsp;<\/p>\n<p>&nbsp;<\/p>\n<p>&nbsp;<\/p>\n<p>1) Z&nbsp;velk\u00e9ho balvanu vp\u0159edu zmizela rostlina.<\/p>\n<p>2) Na sk\u00e1le naho\u0159e vpravo chyb\u00ed velk\u00fd smrk.<\/p>\n<p>3) Zmizela postava v&nbsp;\u010derven\u00e9m tri\u010dku.<\/p>\n<p>4) Na z\u00e1chrann\u00e9m kruhu chyb\u00ed st\u0159edov\u00e1 \u0161\u0148\u016fra.<\/p>\n<p>5) Trpasl\u00edk m\u00e1 \u010derven\u011bj\u0161\u00ed \u010depici.<\/p>\n<p>6) Na d\u0159ev\u011bn\u00e9 desce vpravo dole nejsou vid\u011bt linie prken.<\/p>\n<p>7) Ze sk\u00e1ly vpravo uprost\u0159ed zmizela rostlina.<\/p>\n<p>8) Chyb\u00ed lo\u010fka.<\/p>\n<p>9) U men\u0161\u00edho balvanu vpravo dole nen\u00ed vr\u0161ek vlnky.<\/p>\n<p>10) Postava s&nbsp;kruhem nem\u00e1 pramen vlas\u016f v&nbsp;obli\u010deji.<\/p>\n","protected":false},"excerpt":{"rendered":"<p>NAJDI 10 ROZD\u00cdL\u016e&nbsp; na obr\u00e1zku Maty\u00e1\u0161e Namaie.&nbsp; SPR\u00c1VN\u00c9 \u0158E\u0160EN\u00cd DOLE. &nbsp; &nbsp; &nbsp; &nbsp; &nbsp; 1) Z&nbsp;velk\u00e9ho balvanu vp\u0159edu zmizela rostlina. 2) Na sk\u00e1le naho\u0159e vpravo chyb\u00ed velk\u00fd smrk. 3) Zmizela postava v&nbsp;\u010derven\u00e9m tri\u010dku. 4) Na z\u00e1chrann\u00e9m kruhu chyb\u00ed st\u0159edov\u00e1 \u0161\u0148\u016fra. 5) Trpasl\u00edk m\u00e1 \u010derven\u011bj\u0161\u00ed \u010depici. 6) Na d\u0159ev\u011bn\u00e9 desce vpravo dole nejsou vid\u011bt linie&#8230;<\/p>\n","protected":false},"author":1,"featured_media":0,"comment_status":"closed","ping_status":"closed","sticky":false,"template":"","format":"standard","meta":{"ngg_post_thumbnail":0,"footnotes":""},"categories":[1],"tags":[],"class_list":["post-2727","post","type-post","status-publish","format-standard","hentry","category-uncategorized"],"_links":{"self":[{"href":"https:\/\/www.gangodvaznych.cz\/index.php\/wp-json\/wp\/v2\/posts\/2727","targetHints":{"allow":["GET"]}}],"collection":[{"href":"https:\/\/www.gangodvaznych.cz\/index.php\/wp-json\/wp\/v2\/posts"}],"about":[{"href":"https:\/\/www.gangodvaznych.cz\/index.php\/wp-json\/wp\/v2\/types\/post"}],"author":[{"embeddable":true,"href":"https:\/\/www.gangodvaznych.cz\/index.php\/wp-json\/wp\/v2\/users\/1"}],"replies":[{"embeddable":true,"href":"https:\/\/www.gangodvaznych.cz\/index.php\/wp-json\/wp\/v2\/comments?post=2727"}],"version-history":[{"count":5,"href":"https:\/\/www.gangodvaznych.cz\/index.php\/wp-json\/wp\/v2\/posts\/2727\/revisions"}],"predecessor-version":[{"id":2740,"href":"https:\/\/www.gangodvaznych.cz\/index.php\/wp-json\/wp\/v2\/posts\/2727\/revisions\/2740"}],"wp:attachment":[{"href":"https:\/\/www.gangodvaznych.cz\/index.php\/wp-json\/wp\/v2\/media?parent=2727"}],"wp:term":[{"taxonomy":"category","embeddable":true,"href":"https:\/\/www.gangodvaznych.cz\/index.php\/wp-json\/wp\/v2\/categories?post=2727"},{"taxonomy":"post_tag","embeddable":true,"href":"https:\/\/www.gangodvaznych.cz\/index.php\/wp-json\/wp\/v2\/tags?post=2727"}],"curies":[{"name":"wp","href":"https:\/\/api.w.org\/{rel}","templated":true}]}}