{"id":4106,"date":"2025-03-08T21:01:32","date_gmt":"2025-03-08T21:01:32","guid":{"rendered":"https:\/\/www.gangodvaznych.cz\/?p=4106"},"modified":"2025-03-08T21:03:49","modified_gmt":"2025-03-08T21:03:49","slug":"go-medvedi-drap","status":"publish","type":"post","link":"https:\/\/www.gangodvaznych.cz\/index.php\/2025\/03\/08\/go-medvedi-drap\/","title":{"rendered":"GO! &#8211; Medv\u011bd\u00ed dr\u00e1p"},"content":{"rendered":"<p>Des\u00e1t\u00e1 kniha o putov\u00e1n\u00ed \u0161esti d\u011bt\u00ed za dobrodru\u017estv\u00edm n\u00e1s tentokr\u00e1t zavede do Moravskoslezsk\u00fdch Beskyd. Cyklistick\u00fd v\u00fdlet z nejv\u00fdchodn\u011bj\u0161\u00edho bodu \u010cesk\u00e9 republiky je naru\u0161en\u00fd setk\u00e1n\u00edm s nebezpe\u010dn\u00fdm medv\u011bdem.<\/p>\n<p><img loading=\"lazy\" decoding=\"async\" class=\"alignnone wp-image-4055\" src=\"http:\/\/www.gangodvaznych.cz\/wp-content\/uploads\/2025\/03\/Medvedi-drap_OBAL-192x300.jpg\" alt=\"\" width=\"315\" height=\"492\" srcset=\"https:\/\/www.gangodvaznych.cz\/wp-content\/uploads\/2025\/03\/Medvedi-drap_OBAL-192x300.jpg 192w, https:\/\/www.gangodvaznych.cz\/wp-content\/uploads\/2025\/03\/Medvedi-drap_OBAL-656x1024.jpg 656w, https:\/\/www.gangodvaznych.cz\/wp-content\/uploads\/2025\/03\/Medvedi-drap_OBAL-768x1199.jpg 768w, https:\/\/www.gangodvaznych.cz\/wp-content\/uploads\/2025\/03\/Medvedi-drap_OBAL-984x1536.jpg 984w, https:\/\/www.gangodvaznych.cz\/wp-content\/uploads\/2025\/03\/Medvedi-drap_OBAL-1312x2048.jpg 1312w, https:\/\/www.gangodvaznych.cz\/wp-content\/uploads\/2025\/03\/Medvedi-drap_OBAL-300x468.jpg 300w, https:\/\/www.gangodvaznych.cz\/wp-content\/uploads\/2025\/03\/Medvedi-drap_OBAL-850x1327.jpg 850w, https:\/\/www.gangodvaznych.cz\/wp-content\/uploads\/2025\/03\/Medvedi-drap_OBAL-scaled.jpg 1639w\" sizes=\"auto, (max-width: 315px) 100vw, 315px\" \/><\/p>\n<ul class=\"wp-block-list\">\n<li>Rok vyd\u00e1n\u00ed: 2024<\/li>\n<li>Naps\u00e1no: 2023<\/li>\n<li>Stran:&nbsp;114<\/li>\n<li>\u017d\u00e1nr:&nbsp;dobrodru\u017en\u00e9 p\u0159\u00edb\u011bhy<\/li>\n<li>Ilustr\u00e1tor:&nbsp;<a href=\"https:\/\/www.gangodvaznych.cz\/index.php\/matyas-namai-2\/\">Maty\u00e1\u0161 Namai<\/a><\/li>\n<li>Nakladatel:&nbsp;Albatros<\/li>\n<li>N\u00e1klad: \/<\/li>\n<li>ISBN 978-80-00-07540-2<img loading=\"lazy\" decoding=\"async\" class=\" wp-image-4112 alignright\" src=\"http:\/\/www.gangodvaznych.cz\/wp-content\/uploads\/2025\/03\/Zasady_preziti-198x300.jpg\" alt=\"\" width=\"173\" height=\"262\" srcset=\"https:\/\/www.gangodvaznych.cz\/wp-content\/uploads\/2025\/03\/Zasady_preziti-198x300.jpg 198w, https:\/\/www.gangodvaznych.cz\/wp-content\/uploads\/2025\/03\/Zasady_preziti-675x1024.jpg 675w, https:\/\/www.gangodvaznych.cz\/wp-content\/uploads\/2025\/03\/Zasady_preziti-768x1165.jpg 768w, https:\/\/www.gangodvaznych.cz\/wp-content\/uploads\/2025\/03\/Zasady_preziti-1012x1536.jpg 1012w, https:\/\/www.gangodvaznych.cz\/wp-content\/uploads\/2025\/03\/Zasady_preziti-1350x2048.jpg 1350w, https:\/\/www.gangodvaznych.cz\/wp-content\/uploads\/2025\/03\/Zasady_preziti-300x455.jpg 300w, https:\/\/www.gangodvaznych.cz\/wp-content\/uploads\/2025\/03\/Zasady_preziti-850x1290.jpg 850w, https:\/\/www.gangodvaznych.cz\/wp-content\/uploads\/2025\/03\/Zasady_preziti.jpg 1541w\" sizes=\"auto, (max-width: 173px) 100vw, 173px\" \/><\/li>\n<li>Pozn\u00e1mka 1: Kniha ze s\u00e9rie&nbsp;<em>GO!<\/em>&nbsp;(Gang odv\u00e1\u017en\u00fdch). Dal\u0161\u00ed d\u00edly:&nbsp;<em><a href=\"http:\/\/www.brezinova.cz\/go-ztraceni-ve-vlnach\/\">Ztraceni ve vln\u00e1ch<\/a>,&nbsp;<a href=\"http:\/\/www.brezinova.cz\/go-nevinna-lavina\/\">Nevinn\u00e1 lavina<\/a>,&nbsp;<a href=\"http:\/\/www.brezinova.cz\/go-ve-sparech-dzungle\/\">Ve sp\u00e1rech d\u017eungle<\/a>,&nbsp;<a href=\"http:\/\/www.brezinova.cz\/go-poust-vsude-poust\/\">Pou\u0161\u0165, v\u0161ude pou\u0161\u0165,&nbsp;<\/a><a href=\"http:\/\/www.brezinova.cz\/go-netvor-trese-zemi\/\">Netvor t\u0159ese zem\u00ed<\/a>,&nbsp;<a href=\"http:\/\/www.brezinova.cz\/go-v-pasti-drave-reky\/\">V pasti drav\u00e9 \u0159eky<\/a>,&nbsp;<a href=\"https:\/\/www.brezinova.cz\/go-chapadla-ohne\/\">Chapadla ohn\u011b<\/a>,&nbsp;<a href=\"https:\/\/www.brezinova.cz\/go-uder-tornada\/\" data-type=\"link\" data-id=\"https:\/\/www.brezinova.cz\/go-uder-tornada\/\">\u00dader torn\u00e1da<\/a>,&nbsp;<a href=\"https:\/\/www.brezinova.cz\/go-zraloci-zub-2\/\" data-type=\"link\" data-id=\"https:\/\/www.brezinova.cz\/go-zraloci-zub-2\/\">\u017dralo\u010d\u00ed zub<\/a>.<\/em><\/li>\n<li>Pozn\u00e1mka 2: \u0158ada PRED\u00c1TO\u0158I<\/li>\n<li>Pozn\u00e1mka 3: Sou\u010d\u00e1st\u00ed knihy jsou Z\u00e1sady p\u0159e\u017eit\u00ed p\u0159i napaden\u00ed medv\u011bdem<\/li>\n<\/ul>\n<p>&nbsp;<\/p>\n<p>&nbsp;<\/p>\n<p>&nbsp;<\/p>\n<p><img loading=\"lazy\" decoding=\"async\" class=\" wp-image-4107 alignleft\" src=\"http:\/\/www.gangodvaznych.cz\/wp-content\/uploads\/2025\/03\/Medved-a-cyklisti-300x240.jpg\" alt=\"\" width=\"318\" height=\"254\" srcset=\"https:\/\/www.gangodvaznych.cz\/wp-content\/uploads\/2025\/03\/Medved-a-cyklisti-300x240.jpg 300w, https:\/\/www.gangodvaznych.cz\/wp-content\/uploads\/2025\/03\/Medved-a-cyklisti-1024x820.jpg 1024w, https:\/\/www.gangodvaznych.cz\/wp-content\/uploads\/2025\/03\/Medved-a-cyklisti-768x615.jpg 768w, https:\/\/www.gangodvaznych.cz\/wp-content\/uploads\/2025\/03\/Medved-a-cyklisti-850x681.jpg 850w, https:\/\/www.gangodvaznych.cz\/wp-content\/uploads\/2025\/03\/Medved-a-cyklisti.jpg 1405w\" sizes=\"auto, (max-width: 318px) 100vw, 318px\" \/>M\u011bl to b\u00fdt n\u011bkolikadenn\u00ed cyklistick\u00fd v\u00fdlet kr\u00e1snou p\u0159\u00edrodou Moravskoslezsk\u00fdch Beskyd. \u0160est kamar\u00e1d\u016f si u\u017e\u00edvalo pr\u00e1zdninovou pohodu na nejv\u00fdchodn\u011bj\u0161\u00edm bodu \u010ceska a chystalo se vyrazit na kolech po legend\u00e1rn\u00ed stezce Via Czechia. Jen\u017ee u\u017e prvn\u00ed noc byla pro Alfu, Betu, Marianu, Jon\u00e1\u0161e, Hardyho a Tima dramatick\u00e1. A to byl teprve za\u010d\u00e1tek. Sami uprost\u0159ed les\u016f mus\u00ed \u010delit velk\u00e9 v\u00fdzv\u011b, p\u0159i kter\u00e9 jde o \u017eivot. Nal\u00e9zaj\u00ed se toti\u017e v m\u00edstech v\u00fdskytu t\u0159\u00ed nejv\u011bt\u0161\u00edch \u0161elem \u010cesk\u00e9 republiky \u2013 rysa, vlka a medv\u011bda.<\/p>\n<p>&nbsp;<\/p>\n<p>UK\u00c1ZKA:<\/p>\n<p>Les nesp\u00ed<\/p>\n<p>\u201eJon\u00e1\u0161i! N\u011bco tu je! Vst\u00e1vej!\u201c zalomcovala Mariana kamar\u00e1dem le\u017e\u00edc\u00edm vedle n\u00ed.<br \/>\nAni nemusela. Jon\u00e1\u0161 byl na nohou jako st\u0159ela a bleskurychle zaujal obrannou pozici.<br \/>\n\u201eKde? Cos vid\u011bla?\u201c vyjekl popla\u0161en\u011b.<br \/>\n\u201eNev\u00edm. Koukalo to na m\u011b,\u201c hlesla Mariana, v jedn\u00e9 ruce sv\u00edt\u00edc\u00ed mobil, v druh\u00e9 sprej proti medv\u011bd\u016fm.<br \/>\n\u201eCo tady nacvi\u010dujete, vy dva?\u201c zak\u0148ourala Beta. \u201eA nesvi\u0165 mi do o\u010d\u00ed. Je\u017ei\u0161, my sp\u00edme v lese,\u201c vzpomn\u011bla si.<br \/>\n\u201eStalo se n\u011bco?\u201c posadila se Alfa, a jak vst\u00e1vala, zaryla loket Hardymu do b\u0159icha.\u201c<br \/>\n\u201eJe\u0161t\u011b chvilku,\u201c utrousil a obr\u00e1til se na druh\u00fd bok.<br \/>\nZato Tim byl vm\u017eiku \u010dil\u00fd jako rybi\u010dka. Okam\u017eit\u011b pochopil, \u017ee se d\u011bje n\u011bco zaj\u00edmav\u00e9ho, a dychtiv\u011b dor\u00e1\u017eel na Marianu.<br \/>\n\u201eByl tu jezevec? Nebo rys?\u201c<br \/>\n\u201eTak co je, Mari? Mluv, cos vid\u011bla?\u201c do\u017eadoval se i Jon\u00e1\u0161 odpov\u011bdi.<br \/>\nMariana v\u0161ak byla naprosto zmaten\u00e1. M\u011bs\u00edc, kter\u00fd pr\u00e1v\u011b znovu vystoupil z mrak\u016f, j\u00ed na tv\u00e1\u0159i kreslil \u00fazkost\u00ed zv\u00fdrazn\u011bn\u00e9 st\u00edny. Neklidn\u011b se rozhl\u00ed\u017eela kolem sebe a roz\u010dilen\u011b pohazovala hlavou. Sen a skute\u010dnost j\u00ed spl\u00fdvaly do jednoho podivn\u00e9ho z\u00e1\u017eitku, v kter\u00e9m se li\u0161ka se sv\u00edt\u00edc\u00edma o\u010dima m\u011bnila ve vl\u010dici Muzykulu a naopak. A do toho Tim pov\u00edd\u00e1 cosi o rysovi.<br \/>\n\u201eRys?\u201c pohl\u00e9dla na nejmlad\u0161\u00edho \u010dlena party nejist\u011b. \u201eJ\u00e1 nev\u00edm. Sv\u00edtily tomu o\u010di. Mohl to b\u00fdt rys?\u201c obr\u00e1tila se na Jon\u00e1\u0161e. \u201eMo\u017en\u00e1 se mi to jen zd\u00e1lo. Mysl\u00edm, \u017ee jsem na chv\u00edli usnula,\u201c p\u0159iznala v rozpac\u00edch. \u201eNecht\u011bla jsem, myslela jsem, \u017ee nejsem unaven\u00e1, \u017ee vydr\u017e\u00edm, ale asi\u2026\u201c<br \/>\nJon\u00e1\u0161 ji v\u0161ak r\u00e1zn\u011b p\u0159eru\u0161il.<br \/>\n\u201eM\u011blas u\u017e zapnutou baterku, kdy\u017e jsi uvid\u011bla o\u010di?\u201c zaj\u00edmalo ho.<br \/>\n\u201eAno,\u201c p\u0159ik\u00fdvla Mariana. \u201eZapnula jsem ji na mobilu, a jak jsem nam\u00ed\u0159ila do hou\u0161t\u00ed, tak jsem ty o\u010di zahl\u00eddla. Te\u010f u\u017e tam nejsou. Ale v\u00e1\u017en\u011b tam byly,\u201c du\u0161ovala se.<br \/>\n\u201eJ\u00e1 ti v\u011b\u0159\u00edm,\u201c uklid\u0148oval ji Jon\u00e1\u0161. \u201eKdy\u017e ve tm\u011b posv\u00edt\u00ed\u0161 do o\u010d\u00ed tvorovi, kter\u00fd m\u00e1 za s\u00edtnic\u00ed tapetum lucidum\u2026\u201c<br \/>\n\u201eCo\u017ee m\u00e1?\u201c cht\u011bl v\u011bd\u011bt Tim.<br \/>\n\u201eTo je fuk,\u201c odbyl ho netrp\u011bliv\u011b Jon\u00e1\u0161. \u201eProst\u011b maj\u00ed v oku pigmentovou vrstvu, kter\u00e1 odr\u00e1\u017e\u00ed sv\u011btlo jako zrcadlo. Kdy\u017e jim posv\u00edt\u00ed\u0161 do o\u010d\u00ed, sv\u011btlo se odraz\u00ed zp\u00e1tky, tak\u017ee to vypad\u00e1, \u017ee jim sv\u00edt\u00ed o\u010di. Ale ve skute\u010dnosti nesv\u00edt\u00ed, je to jen odraz. V\u0161echny \u0161elmy to tak maj\u00ed.\u201c<br \/>\n\u201e\u0160elmy?\u201c vyhrkla Alfa.<br \/>\n\u201eCo\u017ee? Chcete n\u00e1m \u0159\u00edct, \u017ee zat\u00edmco jsme tu spali na zemi, civ\u011bla na n\u00e1s n\u011bjak\u00e1 krvela\u010dn\u00e1 \u0161elma?\u201c p\u0159idala se k Alf\u011b Beta.<br \/>\nHlasit\u00fd jekot dvoj\u010dat kone\u010dn\u011b vzbudil i Hardyho.<br \/>\n\u201eKdo na v\u00e1s civ\u011bl?\u201c zabl\u00e1bolil rozespale. \u201eUka\u017ete mi ho a j\u00e1 mu d\u00e1m do zub\u016f. Na v\u00e1s nikdo nem\u00e1 co civ\u011bt,\u201c bru\u010del a prot\u00edral si o\u010di.<br \/>\nTim se pobaven\u011b rozesm\u00e1l. Ostatn\u00edm ale do sm\u00edchu nebylo.<br \/>\n\u201eMariana pobl\u00ed\u017e zahl\u00eddla n\u011bjak\u00fd zv\u00ed\u0159e,\u201c vysv\u011btloval Jon\u00e1\u0161 Hardymu. \u201eMohlo to b\u00fdt cokoliv,\u201c ozval se po chvili\u010dce zav\u00e1h\u00e1n\u00ed.<br \/>\n\u201eJo. T\u0159eba rys!\u201c v\u0159\u00edskla Beta. \u201eRys klidn\u011b zabije i psa! Nebo srnce! Co kdy\u017e na n\u00e1s za\u00fato\u010d\u00ed?\u201c<br \/>\n\u201eNeboj se, Beto,\u201c ti\u0161il ji Jon\u00e1\u0161. \u201eRys je sice nejv\u011bt\u0161\u00ed ko\u010dkovit\u00e1 \u0161elma Evropy, ale hodn\u011b plach\u00e1, \u010dlov\u011bku se rad\u0161i vyhne. Pravd\u011bpodobnost, \u017ee v p\u0159\u00edrod\u011b zahl\u00eddne\u0161 rysa, se pr\u00fd rovn\u00e1 v\u00fdh\u0159e v loterii.\u201c<br \/>\n\u201eTak\u017ee to mohl b\u00fdt rys, ale proto\u017ee je plach\u00fd, je d\u00e1vno za horama,\u201c zhodnotil Hardy st\u0159\u00edzliv\u011b situaci. \u201eA vy m\u016f\u017eete p\u0159estat je\u010det,\u201c ok\u0159ikl dvoj\u010data.<br \/>\n\u201eAle to a\u0165 klidn\u011b je\u010dej,\u201c nam\u00edtl Jon\u00e1\u0161 a opatrn\u011b dodal: \u201eTo, co na Marianu koukalo, mohl b\u00fdt t\u0159eba jelen, nebo srna, ale taky\u2026 taky t\u0159eba n\u011bco jin\u00fdho. A pak bude dob\u0159e, kdy\u017e ten jin\u00fd tvor,\u201c pohl\u00e9dl v\u00fdznamn\u011b na Hardyho, \u201ebude v\u011bd\u011bt, \u017ee jsme lidi. A \u017ee je n\u00e1s tu v\u00edc.\u201c<br \/>\n\u201eAha,\u201c dovt\u00edpil se Hardy. \u201eTak si zazp\u00edv\u00e1me.\u201c<br \/>\n\u201eTy ne!\u201c zavyla dvoj\u010data zoufal\u00fdm hlasem, \u017ee u\u017e to rozesm\u00e1lo nejen Tima, ale i vylekanou Marianu.<br \/>\nHardy s Jon\u00e1\u0161em se je\u0161t\u011b pomoc\u00ed Marianina mobilu sna\u017eili proniknout temnotu nejbli\u017e\u0161\u00edho okol\u00ed a hodili do k\u0159ovin p\u00e1r kamen\u016f. Nic nevypla\u0161ili a nic taky nevypla\u0161ilo je. P\u0159esto si Hardy ze such\u00e9ho stromu ulomil po\u0159\u00e1dn\u00fd klacek, pr\u00fd aby se mu l\u00edp \u0161lo, a\u017e se r\u00e1no budou vracet do chalupy. Dvoj\u010data a Tim na\u0161t\u011bst\u00ed nic nekomentovali, ale Jon\u00e1\u0161ovi a Marian\u011b byl \u00fa\u010del klacku jasn\u00fd. I Mariana se c\u00edtila l\u00edp, kdy\u017e v ruce nen\u00e1padn\u011b sv\u00edrala kapesn\u00ed n\u016f\u017e, a Jon\u00e1\u0161 si taky nepohazoval sprejem proti medv\u011bd\u016fm jen tak pro nic za nic.<br \/>\n\u201eZkuste usnout,\u201c vyb\u00eddl Hardy ostatn\u00ed. \u201eJ\u00e1 jsem se prospal. Budu dr\u017eet hl\u00eddku, a kdyby na m\u011b n\u00e1hodou sedla \u00fanava, zanotuju si t\u0159eba V lese, jo v lese, tam na jehli\u010d\u00ed\u2026\u201c<br \/>\n\u201eNee!\u201c zavyly znovu Alfa a Beta.<br \/>\n\u201eTak ne,\u201c pokr\u010dil Hardy rameny. \u201eBudu si nahlas p\u0159e\u0159\u00edk\u00e1vat vzore\u010dky na v\u00fdpo\u010det objemu dut\u00fdch t\u011bles.\u201c<br \/>\n\u201eNeee!\u201c v\u0159\u00edskla dvoj\u010data, te\u010f u\u017e sp\u00ed\u0161 v legraci.<br \/>\nTentokr\u00e1t se v\u0161ak nikdo nezasm\u00e1l. Tim mo\u017en\u00e1 i cht\u011bl, ale ne\u017e se k tomu dostal, ozval se z d\u00e1lky jin\u00fd zvuk. <img loading=\"lazy\" decoding=\"async\" class=\" wp-image-4108 alignleft\" src=\"http:\/\/www.gangodvaznych.cz\/wp-content\/uploads\/2025\/03\/Medved_vlk-300x221.jpg\" alt=\"\" width=\"397\" height=\"293\" srcset=\"https:\/\/www.gangodvaznych.cz\/wp-content\/uploads\/2025\/03\/Medved_vlk-300x221.jpg 300w, https:\/\/www.gangodvaznych.cz\/wp-content\/uploads\/2025\/03\/Medved_vlk-1024x753.jpg 1024w, https:\/\/www.gangodvaznych.cz\/wp-content\/uploads\/2025\/03\/Medved_vlk-768x565.jpg 768w, https:\/\/www.gangodvaznych.cz\/wp-content\/uploads\/2025\/03\/Medved_vlk-850x625.jpg 850w, https:\/\/www.gangodvaznych.cz\/wp-content\/uploads\/2025\/03\/Medved_vlk.jpg 1329w\" sizes=\"auto, (max-width: 397px) 100vw, 397px\" \/>V\u0161ichni r\u00e1zem zkoprn\u011bli.<br \/>\n\u201eSly\u0161eli jste to?\u201c<br \/>\n\u201eCo\u2026 co to bylo?\u201c<br \/>\n\u201ePst!\u201c<br \/>\n\u201eN\u011bkdo si z n\u00e1s d\u011bl\u00e1 legraci. Jak Alfa s Betou vyly na Hardyho, tak jim ten \u010dlov\u011bk odpov\u00edd\u00e1.\u201c<br \/>\n\u201eCo by tu v lese d\u011blal? Te\u010f v noci.\u201c<br \/>\n\u201eMyslivci chod\u011bj \u010d\u00edhat na zv\u011b\u0159 i v noci.\u201c<br \/>\n\u201eTo ale nebyl lidsk\u00fd hlas.\u201c<br \/>\n\u201eA \u010d\u00ed teda?\u201c<br \/>\n\u201ePst! Ticho!\u201c<br \/>\n\u201eZase! Sly\u0161\u00edte to?\u201c<br \/>\n\u201eJo.\u201c<br \/>\n\u201eCo to m\u016f\u017ee b\u00fdt?\u201c<br \/>\nDohadovali se jeden p\u0159es druh\u00e9ho. N\u00e1hl\u00fd strach jim hlasy zti\u0161il do \u0161epotu, a\u010dkoliv Jon\u00e1\u0161 je\u0161t\u011b p\u0159ed chv\u00edl\u00ed tvrdil, \u017ee pokud \u010dlov\u011bk v lese nechce p\u0159ij\u00edt do kontaktu s divokou zv\u011b\u0159\u00ed, m\u00e1 mluvit hlasit\u011b. Te\u010f ale ani Jon\u00e1\u0161 nedok\u00e1zal ne\u0161eptat. Navzdory v\u0161em pou\u010dk\u00e1m je ovl\u00e1dal prastar\u00fd instinkt. B\u00fdt potichu. Ani ned\u00fdchat. Neupozor\u0148ovat na sebe. St\u00e1t se neviditeln\u00fdm.<br \/>\n\u201eZase! Tentokr\u00e1t to bylo bl\u00ed\u017e!\u201c za\u0161eptala Mariana chv\u011bj\u00edc\u00edm se hlasem.<br \/>\nZvuk v d\u00e1lce byl t\u00e1hl\u00fd a teskn\u011b v\u00e1biv\u00fd. Varovn\u011b stoupal a zase klesal, aby ho vz\u00e1p\u011bt\u00ed nahradil dal\u0161\u00ed. Rozl\u00e9hal se lesem a pronikal do v\u011bdom\u00ed v\u0161eho \u017eiv\u00e9ho, co bylo v doslechu.<\/p>\n<p>&nbsp;<\/p>\n<p><img loading=\"lazy\" decoding=\"async\" class=\"alignnone wp-image-4109\" src=\"http:\/\/www.gangodvaznych.cz\/wp-content\/uploads\/2025\/03\/Medved-a-Hardy-300x271.jpg\" alt=\"\" width=\"248\" height=\"224\" srcset=\"https:\/\/www.gangodvaznych.cz\/wp-content\/uploads\/2025\/03\/Medved-a-Hardy-300x271.jpg 300w, https:\/\/www.gangodvaznych.cz\/wp-content\/uploads\/2025\/03\/Medved-a-Hardy-1024x926.jpg 1024w, https:\/\/www.gangodvaznych.cz\/wp-content\/uploads\/2025\/03\/Medved-a-Hardy-768x694.jpg 768w, https:\/\/www.gangodvaznych.cz\/wp-content\/uploads\/2025\/03\/Medved-a-Hardy-850x768.jpg 850w, https:\/\/www.gangodvaznych.cz\/wp-content\/uploads\/2025\/03\/Medved-a-Hardy.jpg 1456w\" sizes=\"auto, (max-width: 248px) 100vw, 248px\" \/><img loading=\"lazy\" decoding=\"async\" class=\"alignnone size-medium wp-image-4110\" src=\"http:\/\/www.gangodvaznych.cz\/wp-content\/uploads\/2025\/03\/Medvide-a-Tim-208x300.jpg\" alt=\"\" width=\"208\" height=\"300\" srcset=\"https:\/\/www.gangodvaznych.cz\/wp-content\/uploads\/2025\/03\/Medvide-a-Tim-208x300.jpg 208w, https:\/\/www.gangodvaznych.cz\/wp-content\/uploads\/2025\/03\/Medvide-a-Tim-710x1024.jpg 710w, https:\/\/www.gangodvaznych.cz\/wp-content\/uploads\/2025\/03\/Medvide-a-Tim-768x1108.jpg 768w, https:\/\/www.gangodvaznych.cz\/wp-content\/uploads\/2025\/03\/Medvide-a-Tim-300x433.jpg 300w, https:\/\/www.gangodvaznych.cz\/wp-content\/uploads\/2025\/03\/Medvide-a-Tim.jpg 849w\" sizes=\"auto, (max-width: 208px) 100vw, 208px\" \/><img loading=\"lazy\" decoding=\"async\" class=\"alignnone wp-image-4111\" src=\"http:\/\/www.gangodvaznych.cz\/wp-content\/uploads\/2025\/03\/Medved-a-dvojce-300x242.jpg\" alt=\"\" width=\"233\" height=\"188\" srcset=\"https:\/\/www.gangodvaznych.cz\/wp-content\/uploads\/2025\/03\/Medved-a-dvojce-300x242.jpg 300w, https:\/\/www.gangodvaznych.cz\/wp-content\/uploads\/2025\/03\/Medved-a-dvojce-1024x826.jpg 1024w, https:\/\/www.gangodvaznych.cz\/wp-content\/uploads\/2025\/03\/Medved-a-dvojce-768x620.jpg 768w, https:\/\/www.gangodvaznych.cz\/wp-content\/uploads\/2025\/03\/Medved-a-dvojce-850x686.jpg 850w, https:\/\/www.gangodvaznych.cz\/wp-content\/uploads\/2025\/03\/Medved-a-dvojce.jpg 1424w\" sizes=\"auto, (max-width: 233px) 100vw, 233px\" \/><\/p>\n<p>&nbsp;<\/p>\n","protected":false},"excerpt":{"rendered":"<p>Des\u00e1t\u00e1 kniha o putov\u00e1n\u00ed \u0161esti d\u011bt\u00ed za dobrodru\u017estv\u00edm n\u00e1s tentokr\u00e1t zavede do Moravskoslezsk\u00fdch Beskyd. Cyklistick\u00fd v\u00fdlet z nejv\u00fdchodn\u011bj\u0161\u00edho bodu \u010cesk\u00e9 republiky je naru\u0161en\u00fd setk\u00e1n\u00edm s nebezpe\u010dn\u00fdm medv\u011bdem. Rok vyd\u00e1n\u00ed: 2024 Naps\u00e1no: 2023 Stran:&nbsp;114 \u017d\u00e1nr:&nbsp;dobrodru\u017en\u00e9 p\u0159\u00edb\u011bhy Ilustr\u00e1tor:&nbsp;Maty\u00e1\u0161 Namai Nakladatel:&nbsp;Albatros N\u00e1klad: \/ ISBN 978-80-00-07540-2 Pozn\u00e1mka 1: Kniha ze s\u00e9rie&nbsp;GO!&nbsp;(Gang odv\u00e1\u017en\u00fdch). Dal\u0161\u00ed d\u00edly:&nbsp;Ztraceni ve vln\u00e1ch,&nbsp;Nevinn\u00e1 lavina,&nbsp;Ve sp\u00e1rech d\u017eungle,&nbsp;Pou\u0161\u0165,&#8230;<\/p>\n","protected":false},"author":1,"featured_media":0,"comment_status":"closed","ping_status":"closed","sticky":false,"template":"","format":"standard","meta":{"ngg_post_thumbnail":0,"footnotes":""},"categories":[1],"tags":[417,545,549,206,181,199,163,544,422,553,546,462,552,550,548,547,551],"class_list":["post-4106","post","type-post","status-publish","format-standard","hentry","category-uncategorized","tag-bear","tag-brtnik","tag-cyklistika","tag-dobrodruzna-literatura-pro-deti","tag-dobrodruzne-knihy","tag-gang-odvaznych","tag-knihy-o-preziti","tag-medved","tag-medved-hnedy","tag-medvedi-drap","tag-moravskoslezske-beskydy","tag-napadeni-medvedem","tag-selmy-na-nasem-uzemi","tag-setkani-s-medvedem","tag-survivor","tag-trojmezi","tag-zasady-preziti"],"_links":{"self":[{"href":"https:\/\/www.gangodvaznych.cz\/index.php\/wp-json\/wp\/v2\/posts\/4106","targetHints":{"allow":["GET"]}}],"collection":[{"href":"https:\/\/www.gangodvaznych.cz\/index.php\/wp-json\/wp\/v2\/posts"}],"about":[{"href":"https:\/\/www.gangodvaznych.cz\/index.php\/wp-json\/wp\/v2\/types\/post"}],"author":[{"embeddable":true,"href":"https:\/\/www.gangodvaznych.cz\/index.php\/wp-json\/wp\/v2\/users\/1"}],"replies":[{"embeddable":true,"href":"https:\/\/www.gangodvaznych.cz\/index.php\/wp-json\/wp\/v2\/comments?post=4106"}],"version-history":[{"count":4,"href":"https:\/\/www.gangodvaznych.cz\/index.php\/wp-json\/wp\/v2\/posts\/4106\/revisions"}],"predecessor-version":[{"id":4116,"href":"https:\/\/www.gangodvaznych.cz\/index.php\/wp-json\/wp\/v2\/posts\/4106\/revisions\/4116"}],"wp:attachment":[{"href":"https:\/\/www.gangodvaznych.cz\/index.php\/wp-json\/wp\/v2\/media?parent=4106"}],"wp:term":[{"taxonomy":"category","embeddable":true,"href":"https:\/\/www.gangodvaznych.cz\/index.php\/wp-json\/wp\/v2\/categories?post=4106"},{"taxonomy":"post_tag","embeddable":true,"href":"https:\/\/www.gangodvaznych.cz\/index.php\/wp-json\/wp\/v2\/tags?post=4106"}],"curies":[{"name":"wp","href":"https:\/\/api.w.org\/{rel}","templated":true}]}}