{"id":4176,"date":"2025-03-14T15:08:38","date_gmt":"2025-03-14T15:08:38","guid":{"rendered":"https:\/\/www.gangodvaznych.cz\/?p=4176"},"modified":"2026-03-28T19:28:55","modified_gmt":"2026-03-28T19:28:55","slug":"kdo-ma-v-erbu-medveda-tim","status":"publish","type":"post","link":"https:\/\/www.gangodvaznych.cz\/index.php\/2025\/03\/14\/kdo-ma-v-erbu-medveda-tim\/","title":{"rendered":"Kdo m\u00e1 v erbu medv\u011bda (Tim)"},"content":{"rendered":"<p><span style=\"color: #993300;\"><strong><img loading=\"lazy\" decoding=\"async\" class=\" wp-image-4468 alignright\" src=\"http:\/\/www.gangodvaznych.cz\/wp-content\/uploads\/2025\/03\/Clipboard01-200x300.jpg\" alt=\"\" width=\"245\" height=\"368\" srcset=\"https:\/\/www.gangodvaznych.cz\/wp-content\/uploads\/2025\/03\/Clipboard01-200x300.jpg 200w, https:\/\/www.gangodvaznych.cz\/wp-content\/uploads\/2025\/03\/Clipboard01-683x1024.jpg 683w, https:\/\/www.gangodvaznych.cz\/wp-content\/uploads\/2025\/03\/Clipboard01-768x1152.jpg 768w, https:\/\/www.gangodvaznych.cz\/wp-content\/uploads\/2025\/03\/Clipboard01-300x450.jpg 300w, https:\/\/www.gangodvaznych.cz\/wp-content\/uploads\/2025\/03\/Clipboard01-850x1275.jpg 850w, https:\/\/www.gangodvaznych.cz\/wp-content\/uploads\/2025\/03\/Clipboard01.jpg 1024w\" sizes=\"auto, (max-width: 245px) 100vw, 245px\" \/>Erby jsou grafick\u00e9 znamen\u00ed rod\u016f, spolk\u016f, obc\u00ed, nebo i jednotliv\u00fdch lid\u00ed.<\/strong><\/span><br \/>\nMus\u00ed obsahovat \u0161t\u00edt se znakem. P\u016fvodn\u011b m\u011bly erby praktick\u00fd v\u00fdznam, proto\u017ee v bitv\u011b ozna\u010dovaly ryt\u00ed\u0159e maskovan\u00e9ho brn\u011bn\u00edm. D\u00edky barevn\u00e9mu erbu na \u0161t\u00edtu bylo na d\u00e1lku vid\u011bt, jestli se jedn\u00e1 o p\u0159\u00edtele nebo protivn\u00edka.<\/p>\n<p>V erbech se mohou vyskytovat zv\u00ed\u0159ata i b\u00e1jn\u00ed tvorov\u00e9. \u010casto to b\u00fdv\u00e1 lev, orel \u010di orlice, k\u016f\u0148, jelen, b\u00fdk, ale t\u0159eba taky kanec nebo medv\u011bd a spousta dal\u0161\u00edch.<br \/>\nMedv\u011bda bych si dal do erbu i j\u00e1. S jedn\u00edm jsem toti\u017e sed\u011bl na strom\u011b, a to jen tak n\u011bkdo \u0159\u00edct nem\u016f\u017ee. Jen\u017ee nejsem ryt\u00ed\u0159, na\u0161e rodina \u017e\u00e1dn\u00fd erb nem\u00e1.<br \/>\nAle stejn\u011b m\u011b zaj\u00edm\u00e1, kdo si medv\u011bda u\u017e do erbu dal. Tak se pod\u00edvejte.<\/p>\n<p>&nbsp;<\/p>\n<p>Chotkov\u00e9 \u2013 star\u00fd \u010desk\u00fd <span style=\"color: #993300;\">\u0161lechtick\u00fd rod&nbsp; &nbsp; &nbsp; <img loading=\"lazy\" decoding=\"async\" class=\" wp-image-4186 alignleft\" src=\"http:\/\/www.gangodvaznych.cz\/wp-content\/uploads\/2025\/03\/ERBY_Chotkove_hrabeci-erb-257x300.jpg\" alt=\"\" width=\"342\" height=\"400\" srcset=\"https:\/\/www.gangodvaznych.cz\/wp-content\/uploads\/2025\/03\/ERBY_Chotkove_hrabeci-erb-257x300.jpg 257w, https:\/\/www.gangodvaznych.cz\/wp-content\/uploads\/2025\/03\/ERBY_Chotkove_hrabeci-erb-768x895.jpg 768w, https:\/\/www.gangodvaznych.cz\/wp-content\/uploads\/2025\/03\/ERBY_Chotkove_hrabeci-erb-300x350.jpg 300w\" sizes=\"auto, (max-width: 342px) 100vw, 342px\" \/><\/span><\/p>\n<p>&nbsp;<\/p>\n<p>&nbsp;<\/p>\n<p>&nbsp;<\/p>\n<p>&nbsp;<\/p>\n<p>&nbsp;<\/p>\n<p>&nbsp;<\/p>\n<p>&nbsp;<\/p>\n<p>&nbsp;<\/p>\n<p>&nbsp;<\/p>\n<p>&nbsp; &nbsp; &nbsp; &nbsp; &nbsp; &nbsp; &nbsp; &nbsp; &nbsp; &nbsp; &nbsp; &nbsp; &nbsp; &nbsp; &nbsp; &nbsp; &nbsp; &nbsp; &nbsp; &nbsp; &nbsp; &nbsp; &nbsp; &nbsp; &nbsp; &nbsp; &nbsp; &nbsp; &nbsp; &nbsp;<\/p>\n<p><span style=\"color: #993300;\">\u010desk\u00e1 m\u011bsta:&nbsp; &nbsp; &nbsp; &nbsp; &nbsp; &nbsp; &nbsp; &nbsp; &nbsp; &nbsp; &nbsp; &nbsp; &nbsp; &nbsp; &nbsp; &nbsp; &nbsp; &nbsp; &nbsp; &nbsp; &nbsp; &nbsp; &nbsp; &nbsp; &nbsp; &nbsp; &nbsp; &nbsp; &nbsp; &nbsp; &nbsp; &nbsp; &nbsp; &nbsp; &nbsp; &nbsp; &nbsp; &nbsp; &nbsp; &nbsp; &nbsp; &nbsp; &nbsp; &nbsp; &nbsp; &nbsp; &nbsp; &nbsp; &nbsp; &nbsp; &nbsp; &nbsp; &nbsp; &nbsp; &nbsp; &nbsp; &nbsp;erb m\u011bsta Beroun<\/span><\/p>\n<p><img loading=\"lazy\" decoding=\"async\" class=\"size-medium wp-image-4189 alignright\" src=\"http:\/\/www.gangodvaznych.cz\/wp-content\/uploads\/2025\/03\/Beroun_znak-262x300.png\" alt=\"\" width=\"262\" height=\"300\" srcset=\"https:\/\/www.gangodvaznych.cz\/wp-content\/uploads\/2025\/03\/Beroun_znak-262x300.png 262w, https:\/\/www.gangodvaznych.cz\/wp-content\/uploads\/2025\/03\/Beroun_znak-300x343.png 300w, https:\/\/www.gangodvaznych.cz\/wp-content\/uploads\/2025\/03\/Beroun_znak.png 380w\" sizes=\"auto, (max-width: 262px) 100vw, 262px\" \/>Bene\u0161ov nad Plou\u010dnic\u00ed<br \/>\nBeroun<br \/>\nBystr\u00e9<br \/>\nHodkovice nad Mohelkou<br \/>\nJablonn\u00e9 nad Orlic\u00ed<br \/>\nJesen\u00edk<br \/>\nKarl\u00edn (u Hodon\u00edna)<br \/>\nNedv\u011bz\u00ed (u Olomouce)<br \/>\nNedv\u011bz\u00ed (u \u0158\u00ed\u010dan)<br \/>\nNedv\u011bz\u00ed (u Svitav)<br \/>\nP\u00edse\u010dn\u00e1 (u Jesen\u00edku)<br \/>\nRalsko<br \/>\nRokytnice v Orlick\u00fdch hor\u00e1ch<br \/>\nSedlice<br \/>\nTuchlovice<br \/>\nV\u0161eruby<br \/>\nVysok\u00e9 nad Jizerou<\/p>\n<p>*<\/p>\n<p><span style=\"color: #993300;\"><img loading=\"lazy\" decoding=\"async\" class=\"size-medium wp-image-4678 alignleft\" src=\"http:\/\/www.gangodvaznych.cz\/wp-content\/uploads\/2025\/03\/znak-Gronska-200x300.jpg\" alt=\"\" width=\"200\" height=\"300\" srcset=\"https:\/\/www.gangodvaznych.cz\/wp-content\/uploads\/2025\/03\/znak-Gronska-200x300.jpg 200w, https:\/\/www.gangodvaznych.cz\/wp-content\/uploads\/2025\/03\/znak-Gronska-683x1024.jpg 683w, https:\/\/www.gangodvaznych.cz\/wp-content\/uploads\/2025\/03\/znak-Gronska-768x1152.jpg 768w, https:\/\/www.gangodvaznych.cz\/wp-content\/uploads\/2025\/03\/znak-Gronska-300x450.jpg 300w, https:\/\/www.gangodvaznych.cz\/wp-content\/uploads\/2025\/03\/znak-Gronska-850x1275.jpg 850w, https:\/\/www.gangodvaznych.cz\/wp-content\/uploads\/2025\/03\/znak-Gronska.jpg 1024w\" sizes=\"auto, (max-width: 200px) 100vw, 200px\" \/>ve sv\u011bt\u011b:<\/span><\/p>\n<p>Berl\u00edn (hlavn\u00ed m\u011bsto N\u011bmecka)<br \/>\nBern (hlavn\u00ed m\u011bsto \u0160v\u00fdcarska)<br \/>\nGr\u00f3nsko m\u00e1 ve znaku stoj\u00edc\u00edho ledn\u00edho medv\u011bda<br \/>\nChabarovsk (m\u011bsto v Rusku)<br \/>\nMadrid (hlavn\u00ed m\u011bsto \u0160pan\u011blska)<\/p>\n<p>&nbsp;<\/p>\n<p>&nbsp;<\/p>\n<p>&nbsp;<\/p>\n<p>&nbsp;<\/p>\n<p>&nbsp;<\/p>\n<p><img loading=\"lazy\" decoding=\"async\" class=\"size-medium wp-image-4599 alignleft\" src=\"http:\/\/www.gangodvaznych.cz\/wp-content\/uploads\/2025\/03\/erb-Madrid-200x300.jpg\" alt=\"\" width=\"200\" height=\"300\" srcset=\"https:\/\/www.gangodvaznych.cz\/wp-content\/uploads\/2025\/03\/erb-Madrid-200x300.jpg 200w, https:\/\/www.gangodvaznych.cz\/wp-content\/uploads\/2025\/03\/erb-Madrid-683x1024.jpg 683w, https:\/\/www.gangodvaznych.cz\/wp-content\/uploads\/2025\/03\/erb-Madrid-768x1152.jpg 768w, https:\/\/www.gangodvaznych.cz\/wp-content\/uploads\/2025\/03\/erb-Madrid-300x450.jpg 300w, https:\/\/www.gangodvaznych.cz\/wp-content\/uploads\/2025\/03\/erb-Madrid-850x1275.jpg 850w, https:\/\/www.gangodvaznych.cz\/wp-content\/uploads\/2025\/03\/erb-Madrid.jpg 1024w\" sizes=\"auto, (max-width: 200px) 100vw, 200px\" \/><\/p>\n<p><img loading=\"lazy\" decoding=\"async\" class=\"alignnone wp-image-4191\" src=\"http:\/\/www.gangodvaznych.cz\/wp-content\/uploads\/2025\/03\/DEU_Berlin_COA.svg_-183x300.png\" alt=\"\" width=\"159\" height=\"261\" srcset=\"https:\/\/www.gangodvaznych.cz\/wp-content\/uploads\/2025\/03\/DEU_Berlin_COA.svg_-183x300.png 183w, https:\/\/www.gangodvaznych.cz\/wp-content\/uploads\/2025\/03\/DEU_Berlin_COA.svg_-624x1024.png 624w, https:\/\/www.gangodvaznych.cz\/wp-content\/uploads\/2025\/03\/DEU_Berlin_COA.svg_-768x1260.png 768w, https:\/\/www.gangodvaznych.cz\/wp-content\/uploads\/2025\/03\/DEU_Berlin_COA.svg_-300x492.png 300w, https:\/\/www.gangodvaznych.cz\/wp-content\/uploads\/2025\/03\/DEU_Berlin_COA.svg_.png 800w\" sizes=\"auto, (max-width: 159px) 100vw, 159px\" \/><img loading=\"lazy\" decoding=\"async\" class=\"alignnone wp-image-4677\" src=\"http:\/\/www.gangodvaznych.cz\/wp-content\/uploads\/2025\/03\/erb-Bern-300x300.jpg\" alt=\"\" width=\"233\" height=\"233\" srcset=\"https:\/\/www.gangodvaznych.cz\/wp-content\/uploads\/2025\/03\/erb-Bern-300x300.jpg 300w, https:\/\/www.gangodvaznych.cz\/wp-content\/uploads\/2025\/03\/erb-Bern.jpg 1024w, https:\/\/www.gangodvaznych.cz\/wp-content\/uploads\/2025\/03\/erb-Bern-150x150.jpg 150w, https:\/\/www.gangodvaznych.cz\/wp-content\/uploads\/2025\/03\/erb-Bern-768x768.jpg 768w, https:\/\/www.gangodvaznych.cz\/wp-content\/uploads\/2025\/03\/erb-Bern-850x850.jpg 850w\" sizes=\"auto, (max-width: 233px) 100vw, 233px\" \/><br \/>\n<strong>&nbsp; &nbsp; &nbsp; &nbsp; &nbsp; &nbsp; &nbsp; &nbsp;BERL\u00cdN<\/strong><\/p>\n<p>&nbsp;<\/p>\n<p>&nbsp;<\/p>\n<p>&nbsp;<\/p>\n<p>&nbsp;<\/p>\n<p>&nbsp;<\/p>\n<p><em>ZDROJ:<br \/>\n<\/em>https:\/\/cs.wikipedia.org\/wiki\/Erb<\/p>\n<p><em>OBR\u00c1ZKY: ChatGPT.com<\/em><\/p>\n<p>&nbsp;<\/p>\n","protected":false},"excerpt":{"rendered":"<p>Erby jsou grafick\u00e9 znamen\u00ed rod\u016f, spolk\u016f, obc\u00ed, nebo i jednotliv\u00fdch lid\u00ed. Mus\u00ed obsahovat \u0161t\u00edt se znakem. P\u016fvodn\u011b m\u011bly erby praktick\u00fd v\u00fdznam, proto\u017ee v bitv\u011b ozna\u010dovaly ryt\u00ed\u0159e maskovan\u00e9ho brn\u011bn\u00edm. D\u00edky barevn\u00e9mu erbu na \u0161t\u00edtu bylo na d\u00e1lku vid\u011bt, jestli se jedn\u00e1 o p\u0159\u00edtele nebo protivn\u00edka. V erbech se mohou vyskytovat zv\u00ed\u0159ata i b\u00e1jn\u00ed tvorov\u00e9. \u010casto to&#8230;<\/p>\n","protected":false},"author":1,"featured_media":0,"comment_status":"closed","ping_status":"closed","sticky":false,"template":"","format":"standard","meta":{"ngg_post_thumbnail":0,"footnotes":""},"categories":[12,1],"tags":[623,615,755,624,544,622,618,820,821,822,617,621,619,616,620],"class_list":["post-4176","post","type-post","status-publish","format-standard","hentry","category-hrdinove-tim","category-uncategorized","tag-chotkove","tag-erb","tag-gronsko","tag-hrabeci-erb","tag-medved","tag-medved-ve-znaku","tag-mesto","tag-mestsky-znak-berlina","tag-mestsky-znak-bernu","tag-mestsky-znak-madridu","tag-rod","tag-slechticky-erb","tag-statni-znak","tag-znak","tag-znak-mesta"],"_links":{"self":[{"href":"https:\/\/www.gangodvaznych.cz\/index.php\/wp-json\/wp\/v2\/posts\/4176","targetHints":{"allow":["GET"]}}],"collection":[{"href":"https:\/\/www.gangodvaznych.cz\/index.php\/wp-json\/wp\/v2\/posts"}],"about":[{"href":"https:\/\/www.gangodvaznych.cz\/index.php\/wp-json\/wp\/v2\/types\/post"}],"author":[{"embeddable":true,"href":"https:\/\/www.gangodvaznych.cz\/index.php\/wp-json\/wp\/v2\/users\/1"}],"replies":[{"embeddable":true,"href":"https:\/\/www.gangodvaznych.cz\/index.php\/wp-json\/wp\/v2\/comments?post=4176"}],"version-history":[{"count":26,"href":"https:\/\/www.gangodvaznych.cz\/index.php\/wp-json\/wp\/v2\/posts\/4176\/revisions"}],"predecessor-version":[{"id":5567,"href":"https:\/\/www.gangodvaznych.cz\/index.php\/wp-json\/wp\/v2\/posts\/4176\/revisions\/5567"}],"wp:attachment":[{"href":"https:\/\/www.gangodvaznych.cz\/index.php\/wp-json\/wp\/v2\/media?parent=4176"}],"wp:term":[{"taxonomy":"category","embeddable":true,"href":"https:\/\/www.gangodvaznych.cz\/index.php\/wp-json\/wp\/v2\/categories?post=4176"},{"taxonomy":"post_tag","embeddable":true,"href":"https:\/\/www.gangodvaznych.cz\/index.php\/wp-json\/wp\/v2\/tags?post=4176"}],"curies":[{"name":"wp","href":"https:\/\/api.w.org\/{rel}","templated":true}]}}