{"id":4349,"date":"2025-04-21T06:22:29","date_gmt":"2025-04-21T06:22:29","guid":{"rendered":"https:\/\/www.gangodvaznych.cz\/?p=4349"},"modified":"2025-09-21T12:20:45","modified_gmt":"2025-09-21T12:20:45","slug":"deset-slavnych-piratek-tim","status":"publish","type":"post","link":"https:\/\/www.gangodvaznych.cz\/index.php\/2025\/04\/21\/deset-slavnych-piratek-tim\/","title":{"rendered":"Jeden\u00e1ct slavn\u00fdch pir\u00e1tek (Tim)"},"content":{"rendered":"<p><img loading=\"lazy\" decoding=\"async\" class=\"wp-image-4453 alignleft\" src=\"http:\/\/www.gangodvaznych.cz\/wp-content\/uploads\/2025\/04\/piratska-lod-200x300.jpg\" alt=\"\" width=\"164\" height=\"246\" srcset=\"https:\/\/www.gangodvaznych.cz\/wp-content\/uploads\/2025\/04\/piratska-lod-200x300.jpg 200w, https:\/\/www.gangodvaznych.cz\/wp-content\/uploads\/2025\/04\/piratska-lod-683x1024.jpg 683w, https:\/\/www.gangodvaznych.cz\/wp-content\/uploads\/2025\/04\/piratska-lod-768x1152.jpg 768w, https:\/\/www.gangodvaznych.cz\/wp-content\/uploads\/2025\/04\/piratska-lod-300x450.jpg 300w, https:\/\/www.gangodvaznych.cz\/wp-content\/uploads\/2025\/04\/piratska-lod-850x1275.jpg 850w, https:\/\/www.gangodvaznych.cz\/wp-content\/uploads\/2025\/04\/piratska-lod.jpg 1024w\" sizes=\"auto, (max-width: 164px) 100vw, 164px\" \/>Taky jste n\u011bkdy cht\u011bli st\u00e1t pir\u00e1ty? M\u011b to p\u0159e\u0161lo teprve ned\u00e1vno. Zjistil jsem, \u017ee se na mo\u0159i m\u016f\u017eu plavit i bez toho, abych p\u0159epadal jin\u00e9 lod\u011b a loupil. D\u0159\u00edv jsem o pir\u00e1tech p\u0159e\u010detl kde co, proto v\u00edm, \u017ee existovaly i \u017eeny pir\u00e1tky. Na pir\u00e1tsk\u00e9 lod\u011b byl ale pr\u00fd \u017een\u00e1m vstup zak\u00e1z\u00e1n, proto se vyd\u00e1valy za mu\u017ee, co\u017e se jim da\u0159ilo d\u00edky p\u0159estrojen\u00ed a taky d\u00edky tomu, \u017ee se chovaly jako mu\u017ei pir\u00e1ti. Byly siln\u00e9 a odv\u00e1\u017en\u00e9. Ale taky se rvaly, pily alkohol, mluvily hrub\u011b a sprost\u011b klely.<\/p>\n<p>&nbsp;<\/p>\n<p>&nbsp;<\/p>\n<p><strong><img loading=\"lazy\" decoding=\"async\" class=\"wp-image-4618 alignright\" src=\"http:\/\/www.gangodvaznych.cz\/wp-content\/uploads\/2025\/04\/piratka-Teuta-z-Ilirie-200x300.jpg\" alt=\"\" width=\"150\" height=\"226\" srcset=\"https:\/\/www.gangodvaznych.cz\/wp-content\/uploads\/2025\/04\/piratka-Teuta-z-Ilirie-200x300.jpg 200w, https:\/\/www.gangodvaznych.cz\/wp-content\/uploads\/2025\/04\/piratka-Teuta-z-Ilirie-683x1024.jpg 683w, https:\/\/www.gangodvaznych.cz\/wp-content\/uploads\/2025\/04\/piratka-Teuta-z-Ilirie-768x1152.jpg 768w, https:\/\/www.gangodvaznych.cz\/wp-content\/uploads\/2025\/04\/piratka-Teuta-z-Ilirie-300x450.jpg 300w, https:\/\/www.gangodvaznych.cz\/wp-content\/uploads\/2025\/04\/piratka-Teuta-z-Ilirie-850x1275.jpg 850w, https:\/\/www.gangodvaznych.cz\/wp-content\/uploads\/2025\/04\/piratka-Teuta-z-Ilirie.jpg 1024w\" sizes=\"auto, (max-width: 150px) 100vw, 150px\" \/>Teuta z Ill\u00fdrie<\/strong><br \/>\nVe 3. stolet\u00ed p\u0159ed na\u0161\u00edm letopo\u010dtem se po smrti sv\u00e9ho mu\u017ee stala kr\u00e1lovnou v Ill\u00fdrii, to je dne\u0161n\u00ed Balk\u00e1n. Velela pir\u00e1t\u016fm, kte\u0159\u00ed na jej\u00ed rozkaz p\u0159epadali \u0159eck\u00e9 a \u0159\u00edmsk\u00e9 lod\u011b.<\/p>\n<p>&nbsp;<\/p>\n<p>&nbsp;<\/p>\n<p><strong><img loading=\"lazy\" decoding=\"async\" class=\"wp-image-4619 alignleft\" src=\"http:\/\/www.gangodvaznych.cz\/wp-content\/uploads\/2025\/04\/piratka-Alvilda-200x300.jpg\" alt=\"\" width=\"150\" height=\"225\" srcset=\"https:\/\/www.gangodvaznych.cz\/wp-content\/uploads\/2025\/04\/piratka-Alvilda-200x300.jpg 200w, https:\/\/www.gangodvaznych.cz\/wp-content\/uploads\/2025\/04\/piratka-Alvilda-683x1024.jpg 683w, https:\/\/www.gangodvaznych.cz\/wp-content\/uploads\/2025\/04\/piratka-Alvilda-768x1152.jpg 768w, https:\/\/www.gangodvaznych.cz\/wp-content\/uploads\/2025\/04\/piratka-Alvilda-300x450.jpg 300w, https:\/\/www.gangodvaznych.cz\/wp-content\/uploads\/2025\/04\/piratka-Alvilda-850x1275.jpg 850w, https:\/\/www.gangodvaznych.cz\/wp-content\/uploads\/2025\/04\/piratka-Alvilda.jpg 1024w\" sizes=\"auto, (max-width: 150px) 100vw, 150px\" \/>Alvilda<\/strong><br \/>\n\u017dila v 5. stolet\u00ed a byla pr\u00fd dcerou skandin\u00e1vsk\u00e9ho kr\u00e1le. Proto\u017ee se cht\u011bla vyhnout svatb\u011b s d\u00e1nsk\u00fdm princem Alfem, utekla na mo\u0159e a stala se kapit\u00e1nkou pir\u00e1t\u016f, nebo snad dokonce pir\u00e1tek.<\/p>\n<p>&nbsp;<\/p>\n<p>&nbsp;<\/p>\n<p><strong><img loading=\"lazy\" decoding=\"async\" class=\" wp-image-4620 alignright\" src=\"http:\/\/www.gangodvaznych.cz\/wp-content\/uploads\/2025\/04\/piratka-Jeanne-de-Belleville-300x200.jpg\" alt=\"\" width=\"251\" height=\"167\" srcset=\"https:\/\/www.gangodvaznych.cz\/wp-content\/uploads\/2025\/04\/piratka-Jeanne-de-Belleville-300x200.jpg 300w, https:\/\/www.gangodvaznych.cz\/wp-content\/uploads\/2025\/04\/piratka-Jeanne-de-Belleville-1024x683.jpg 1024w, https:\/\/www.gangodvaznych.cz\/wp-content\/uploads\/2025\/04\/piratka-Jeanne-de-Belleville-768x512.jpg 768w, https:\/\/www.gangodvaznych.cz\/wp-content\/uploads\/2025\/04\/piratka-Jeanne-de-Belleville-850x567.jpg 850w, https:\/\/www.gangodvaznych.cz\/wp-content\/uploads\/2025\/04\/piratka-Jeanne-de-Belleville.jpg 1536w\" sizes=\"auto, (max-width: 251px) 100vw, 251px\" \/><\/strong><\/p>\n<p>&nbsp;<\/p>\n<p><strong>Jeanne de Belleville<\/strong><br \/>\n\u0160lechti\u010dna z francouzsk\u00e9 Bretan\u011b podnikala ve 14. stolet\u00ed spolu s t\u0159emi korz\u00e1ry p\u0159epady na francouzsk\u00e9m pob\u0159e\u017e\u00ed. Po dobu \u0161esti let \u00fato\u010dila v Biskajsk\u00e9m z\u00e1livu na lod\u011b francouzsk\u00e9ho kr\u00e1le za to, \u017ee j\u00ed popravil man\u017eela.<\/p>\n<p>&nbsp;<\/p>\n<p><strong><img loading=\"lazy\" decoding=\"async\" class=\" wp-image-4621 alignleft\" src=\"http:\/\/www.gangodvaznych.cz\/wp-content\/uploads\/2025\/04\/piratka-Charlotte-de-Berryova-200x300.jpg\" alt=\"\" width=\"157\" height=\"236\" srcset=\"https:\/\/www.gangodvaznych.cz\/wp-content\/uploads\/2025\/04\/piratka-Charlotte-de-Berryova-200x300.jpg 200w, https:\/\/www.gangodvaznych.cz\/wp-content\/uploads\/2025\/04\/piratka-Charlotte-de-Berryova-683x1024.jpg 683w, https:\/\/www.gangodvaznych.cz\/wp-content\/uploads\/2025\/04\/piratka-Charlotte-de-Berryova-768x1152.jpg 768w, https:\/\/www.gangodvaznych.cz\/wp-content\/uploads\/2025\/04\/piratka-Charlotte-de-Berryova-300x450.jpg 300w, https:\/\/www.gangodvaznych.cz\/wp-content\/uploads\/2025\/04\/piratka-Charlotte-de-Berryova-850x1275.jpg 850w, https:\/\/www.gangodvaznych.cz\/wp-content\/uploads\/2025\/04\/piratka-Charlotte-de-Berryova.jpg 1024w\" sizes=\"auto, (max-width: 157px) 100vw, 157px\" \/>Charlotte de Berryov\u00e1<\/strong><br \/>\nV p\u0159estrojen\u00ed za mu\u017ee se p\u0159ihl\u00e1sila k n\u00e1mo\u0159nictvu. Na lodi pluj\u00edc\u00ed do Afriky vedla v 17. stolet\u00ed vzpouru, p\u0159evzala velen\u00ed a z pos\u00e1dky ud\u011blala pir\u00e1ty, kte\u0159\u00ed u africk\u00e9ho pob\u0159e\u017e\u00ed p\u0159epadali lod\u011b se zlatem.<\/p>\n<p>&nbsp;<\/p>\n<p>&nbsp;<\/p>\n<p>&nbsp;<\/p>\n<p><strong>Grace O\u00b4Malleyov\u00e1<\/strong><br \/>\nIrka, kter\u00e1 v 16. stolet\u00ed velela korz\u00e1rsk\u00e9 lodi p\u0159epadaj\u00edc\u00ed v kan\u00e1lu La Manche. Vyb\u00edrala v\u00fdpaln\u00e9 a krom\u011b lod\u00ed \u00fato\u010dila i na pevnosti skotsk\u00fdch a irsk\u00fdch \u0161lechtic\u016f.<\/p>\n<p><strong>Christina Anna Skytte<\/strong><br \/>\nDcera \u0161v\u00e9dsk\u00e9ho barona. V 17. stolet\u00ed se spolu s bratrem a snoubencem aktivn\u011b pod\u00edlela na p\u0159epad\u00e1v\u00e1n\u00ed a drancov\u00e1n\u00ed lod\u00ed v Baltsk\u00e9m mo\u0159i. P\u0159i \u00fatoku na nizozemskou obchodn\u00ed lo\u010f se zmocnila n\u00e1kladu a pos\u00e1dku zabila. Pak byla nucena uprchnout.<\/p>\n<p><strong>Anne Dieu-le-Veut<\/strong><br \/>\nFrancouzsk\u00e1 pir\u00e1tka 17. stolet\u00ed. Na pir\u00e1tsk\u00e9 v\u00fdpravy pr\u00fd doprov\u00e1zela man\u017eela. Mezi \u017eenami byla v\u00fdjimkou, kdy\u017e sm\u011bla vstoupit na pir\u00e1tskou lo\u010f, proto\u017ee \u017eena na palub\u011b pir\u00e1tsk\u00e9 lodi pr\u00fd nosila sm\u016flu. Anne v\u0161ak pir\u00e1ti naopak pova\u017eovali za talisman pro \u0161t\u011bst\u00ed.<\/p>\n<p>&nbsp;<\/p>\n<p><strong><img loading=\"lazy\" decoding=\"async\" class=\"wp-image-4622 alignleft\" src=\"http:\/\/www.gangodvaznych.cz\/wp-content\/uploads\/2025\/04\/piratka-Jacquotte-Delahaye-200x300.jpg\" alt=\"\" width=\"150\" height=\"225\" srcset=\"https:\/\/www.gangodvaznych.cz\/wp-content\/uploads\/2025\/04\/piratka-Jacquotte-Delahaye-200x300.jpg 200w, https:\/\/www.gangodvaznych.cz\/wp-content\/uploads\/2025\/04\/piratka-Jacquotte-Delahaye-683x1024.jpg 683w, https:\/\/www.gangodvaznych.cz\/wp-content\/uploads\/2025\/04\/piratka-Jacquotte-Delahaye-768x1152.jpg 768w, https:\/\/www.gangodvaznych.cz\/wp-content\/uploads\/2025\/04\/piratka-Jacquotte-Delahaye-300x450.jpg 300w, https:\/\/www.gangodvaznych.cz\/wp-content\/uploads\/2025\/04\/piratka-Jacquotte-Delahaye-850x1275.jpg 850w, https:\/\/www.gangodvaznych.cz\/wp-content\/uploads\/2025\/04\/piratka-Jacquotte-Delahaye.jpg 1024w\" sizes=\"auto, (max-width: 150px) 100vw, 150px\" \/>Jacquotte Delahaye<\/strong><br \/>\nKr\u00e1sn\u00e1 rusovl\u00e1ska z Haiti. V 17. stolet\u00ed se stala pir\u00e1tkou a p\u0159epadala hlavn\u011b lod\u011b v Karibiku, aby mohla finan\u010dn\u011b zajistit sebe a posti\u017een\u00e9ho bratra, o kter\u00e9ho se starala.<\/p>\n<p>&nbsp;<\/p>\n<p>&nbsp;<\/p>\n<p><strong><img loading=\"lazy\" decoding=\"async\" class=\"wp-image-4623 alignright\" src=\"http:\/\/www.gangodvaznych.cz\/wp-content\/uploads\/2025\/04\/piratky-Mary-a-Anne-200x300.jpg\" alt=\"\" width=\"200\" height=\"300\" srcset=\"https:\/\/www.gangodvaznych.cz\/wp-content\/uploads\/2025\/04\/piratky-Mary-a-Anne-200x300.jpg 200w, https:\/\/www.gangodvaznych.cz\/wp-content\/uploads\/2025\/04\/piratky-Mary-a-Anne-683x1024.jpg 683w, https:\/\/www.gangodvaznych.cz\/wp-content\/uploads\/2025\/04\/piratky-Mary-a-Anne-768x1152.jpg 768w, https:\/\/www.gangodvaznych.cz\/wp-content\/uploads\/2025\/04\/piratky-Mary-a-Anne-300x450.jpg 300w, https:\/\/www.gangodvaznych.cz\/wp-content\/uploads\/2025\/04\/piratky-Mary-a-Anne-850x1275.jpg 850w, https:\/\/www.gangodvaznych.cz\/wp-content\/uploads\/2025\/04\/piratky-Mary-a-Anne.jpg 1024w\" sizes=\"auto, (max-width: 200px) 100vw, 200px\" \/><\/strong><\/p>\n<p>&nbsp;<\/p>\n<p><strong>Mary Readov\u00e1<\/strong><br \/>\nAngli\u010danka, kter\u00e1 v p\u0159estrojen\u00ed za mu\u017ee bojovala v arm\u00e1d\u011b a pak se dala k pir\u00e1t\u016fm, kte\u0159\u00ed p\u0159epadali lod\u011b v Karibsk\u00e9m mo\u0159i. Odvahou pr\u00fd zast\u00ednila i mu\u017ee. Po uv\u011bzn\u011bn\u00ed v roce 1720 se vyhnula poprav\u011b, ale zem\u0159ela ve v\u011bzen\u00ed.<br \/>\n<strong>Anne Bonnyov\u00e1<\/strong><br \/>\nS Mary Reradovou byly kamar\u00e1dky. Spole\u010dn\u011b se plavily na lodi, ani\u017e by ostatn\u00ed pir\u00e1ti poznali, \u017ee jde o \u017eeny. Spole\u010dn\u011b bojovaly vedle mu\u017e\u016f a spole\u010dn\u011b byly tak\u00e9 v roce 1720 zajaty. Poprav\u011b se pr\u00fd vyhnuly d\u00edky tomu, \u017ee ob\u011b byly t\u011bhotn\u00e9.<\/p>\n<p>&nbsp;<\/p>\n<p><strong><img loading=\"lazy\" decoding=\"async\" class=\"wp-image-4624 alignleft\" src=\"http:\/\/www.gangodvaznych.cz\/wp-content\/uploads\/2025\/04\/piratka-Cing-Si-200x300.jpg\" alt=\"\" width=\"150\" height=\"226\" srcset=\"https:\/\/www.gangodvaznych.cz\/wp-content\/uploads\/2025\/04\/piratka-Cing-Si-200x300.jpg 200w, https:\/\/www.gangodvaznych.cz\/wp-content\/uploads\/2025\/04\/piratka-Cing-Si-683x1024.jpg 683w, https:\/\/www.gangodvaznych.cz\/wp-content\/uploads\/2025\/04\/piratka-Cing-Si-768x1152.jpg 768w, https:\/\/www.gangodvaznych.cz\/wp-content\/uploads\/2025\/04\/piratka-Cing-Si-300x450.jpg 300w, https:\/\/www.gangodvaznych.cz\/wp-content\/uploads\/2025\/04\/piratka-Cing-Si-850x1275.jpg 850w, https:\/\/www.gangodvaznych.cz\/wp-content\/uploads\/2025\/04\/piratka-Cing-Si.jpg 1024w\" sizes=\"auto, (max-width: 150px) 100vw, 150px\" \/>\u010cing \u0160i<\/strong><br \/>\n\u0158\u00edkalo se j\u00ed pir\u00e1tsk\u00e1 kr\u00e1lovna. Byla velitelkou ob\u0159\u00ed flotily, na za\u010d\u00e1tku 19. stolet\u00ed p\u0159epadala lod\u011b pluj\u00edc\u00ed v \u010c\u00ednsk\u00e9m mo\u0159i. Flotila celkem zahrnovala 1 800 lod\u00ed, na nich\u017e se plavilo asi 80 000 pir\u00e1t\u016f. A v\u0161ichni podl\u00e9hali velitelce \u010cing \u0160i.<\/p>\n<p>&nbsp;<\/p>\n<p>&nbsp;<\/p>\n<p><em>ZDROJ:<\/em><br \/>\nKol. <em>Pir\u00e1ti. Lod\u011b. Bitvy. Poklady. \u017divot na mo\u0159i<\/em>. Fragment 2007.<br \/>\nPlatt, Richard. <em>Pir\u00e1ti<\/em>. Edice Vid\u011bt-poznat-v\u011bd\u011bt. Fortuna Print, Praha 1996.<br \/>\nKol. <em>Pir\u00e1ti \u2013 Ilustrovan\u00e1 historie<\/em>. Fragment 2017.<br \/>\nKonstam, Angus. <em>Sv\u011bt pir\u00e1t\u016f<\/em>. Historick\u00e1 kronika nejob\u00e1van\u011bj\u0161\u00edch mo\u0159sk\u00fdch lupi\u010d\u016f. \u010cesk\u00e1 citadela, Praha 2020.<\/p>\n<p>https:\/\/www.connexionfrance.com\/magazine\/who-was-frances-fiercest-female-pirate-the-lioness-of-brittany\/673238<br \/>\nhttps:\/\/cs.mydailyselfmotivation.com\/articles\/history-fact-fiction\/10-amazing-female-pirates.html<\/p>\n<p><em>OBR\u00c1ZKY: ChatGPT.com<\/em><\/p>\n","protected":false},"excerpt":{"rendered":"<p>Taky jste n\u011bkdy cht\u011bli st\u00e1t pir\u00e1ty? M\u011b to p\u0159e\u0161lo teprve ned\u00e1vno. Zjistil jsem, \u017ee se na mo\u0159i m\u016f\u017eu plavit i bez toho, abych p\u0159epadal jin\u00e9 lod\u011b a loupil. D\u0159\u00edv jsem o pir\u00e1tech p\u0159e\u010detl kde co, proto v\u00edm, \u017ee existovaly i \u017eeny pir\u00e1tky. Na pir\u00e1tsk\u00e9 lod\u011b byl ale pr\u00fd \u017een\u00e1m vstup zak\u00e1z\u00e1n, proto se vyd\u00e1valy za&#8230;<\/p>\n","protected":false},"author":1,"featured_media":0,"comment_status":"closed","ping_status":"closed","sticky":false,"template":"","format":"standard","meta":{"ngg_post_thumbnail":0,"footnotes":""},"categories":[12,1],"tags":[662,664,666,660,668,670,665,669,671,667,659,663,652,653,654,656,658,657,661,655],"class_list":["post-4349","post","type-post","status-publish","format-standard","hentry","category-hrdinove-tim","category-uncategorized","tag-alvilda","tag-anne-bonny","tag-anne-dieu-le-veut","tag-bukanyr","tag-charlotte-de-berry","tag-christina-anna-skytte","tag-cing-si","tag-grace-omalley","tag-jacquotte-delahaye","tag-jeanne-de-belleville","tag-korzar","tag-mary-read","tag-pirat","tag-pirati","tag-piratka","tag-piratstvi","tag-prepadavani-lodi","tag-slavni-pirati","tag-teuta","tag-zeny-piratky"],"_links":{"self":[{"href":"https:\/\/www.gangodvaznych.cz\/index.php\/wp-json\/wp\/v2\/posts\/4349","targetHints":{"allow":["GET"]}}],"collection":[{"href":"https:\/\/www.gangodvaznych.cz\/index.php\/wp-json\/wp\/v2\/posts"}],"about":[{"href":"https:\/\/www.gangodvaznych.cz\/index.php\/wp-json\/wp\/v2\/types\/post"}],"author":[{"embeddable":true,"href":"https:\/\/www.gangodvaznych.cz\/index.php\/wp-json\/wp\/v2\/users\/1"}],"replies":[{"embeddable":true,"href":"https:\/\/www.gangodvaznych.cz\/index.php\/wp-json\/wp\/v2\/comments?post=4349"}],"version-history":[{"count":14,"href":"https:\/\/www.gangodvaznych.cz\/index.php\/wp-json\/wp\/v2\/posts\/4349\/revisions"}],"predecessor-version":[{"id":4632,"href":"https:\/\/www.gangodvaznych.cz\/index.php\/wp-json\/wp\/v2\/posts\/4349\/revisions\/4632"}],"wp:attachment":[{"href":"https:\/\/www.gangodvaznych.cz\/index.php\/wp-json\/wp\/v2\/media?parent=4349"}],"wp:term":[{"taxonomy":"category","embeddable":true,"href":"https:\/\/www.gangodvaznych.cz\/index.php\/wp-json\/wp\/v2\/categories?post=4349"},{"taxonomy":"post_tag","embeddable":true,"href":"https:\/\/www.gangodvaznych.cz\/index.php\/wp-json\/wp\/v2\/tags?post=4349"}],"curies":[{"name":"wp","href":"https:\/\/api.w.org\/{rel}","templated":true}]}}