{"id":552,"count":1,"description":"","link":"https:\/\/www.gangodvaznych.cz\/index.php\/tag\/selmy-na-nasem-uzemi\/","name":"\u0161elmy na na\u0161em \u00fazem\u00ed","slug":"selmy-na-nasem-uzemi","taxonomy":"post_tag","meta":[],"_links":{"self":[{"href":"https:\/\/www.gangodvaznych.cz\/index.php\/wp-json\/wp\/v2\/tags\/552","targetHints":{"allow":["GET"]}}],"collection":[{"href":"https:\/\/www.gangodvaznych.cz\/index.php\/wp-json\/wp\/v2\/tags"}],"about":[{"href":"https:\/\/www.gangodvaznych.cz\/index.php\/wp-json\/wp\/v2\/taxonomies\/post_tag"}],"wp:post_type":[{"href":"https:\/\/www.gangodvaznych.cz\/index.php\/wp-json\/wp\/v2\/posts?tags=552"}],"curies":[{"name":"wp","href":"https:\/\/api.w.org\/{rel}","templated":true}]}}